{"id":6252,"date":"2017-02-03T22:46:19","date_gmt":"2017-02-03T22:46:19","guid":{"rendered":"http:\/\/memoriadelesilles.org\/?p=6252"},"modified":"2017-04-15T14:15:58","modified_gmt":"2017-04-15T14:15:58","slug":"recordatori-per-dema-dissabte-4-de-febrer-a-les-12h-placa-olivar-palma","status":"publish","type":"post","link":"https:\/\/memoriadelesilles.org\/wordpress\/2017\/02\/03\/recordatori-per-dema-dissabte-4-de-febrer-a-les-12h-placa-olivar-palma\/","title":{"rendered":"RECORDATORI PER DEM\u00c0: DISSABTE, 4 DE FEBRER, A LES 12h. PLA\u00c7A OLIVAR, PALMA."},"content":{"rendered":"<p>Bon dia companyes i companys, adjunt trobareu el cartell de la concentraci\u00f3 que des de fa uns anys realitzam cada primer dissabte de mes per a la Veritat, Just\u00edcia i Reparaci\u00f3. Aquesta vegada la volem dedicar en record als assassinats dels advocats laboralistes de Atocha i a totes les v\u00edctimes del feixisme de la &#8220;Transacci\u00f3 espanyola&#8221;.<\/p>\n<p>Per a fer les concentracions m\u00e9s actives i participatives, vos animam a que porteu les vostres fotos, cartells, textos, flors, poemes adients al lema de la concentraci\u00f3 i aix\u00ed les anirem incorporant a la mem\u00f2ria de les activitats que cada mes realitzam per a totes les v\u00edctimes del feixisme.<\/p>\n<p>Salut i Mem\u00f2ria<\/p>\n<p><img loading=\"lazy\" decoding=\"async\" class=\"alignnone size-medium wp-image-6253\" src=\"http:\/\/memoriadelesilles.org\/wp-content\/uploads\/2017\/04\/34concentraci\u00f3-1-300x212.jpg\" alt=\"\" width=\"300\" height=\"212\" srcset=\"https:\/\/memoriadelesilles.org\/wordpress\/wp-content\/uploads\/2017\/04\/34concentraci\u00f3-1-300x212.jpg 300w, https:\/\/memoriadelesilles.org\/wordpress\/wp-content\/uploads\/2017\/04\/34concentraci\u00f3-1-768x543.jpg 768w, https:\/\/memoriadelesilles.org\/wordpress\/wp-content\/uploads\/2017\/04\/34concentraci\u00f3-1-1024x724.jpg 1024w\" sizes=\"auto, (max-width: 300px) 100vw, 300px\" \/><\/p>\n","protected":false},"excerpt":{"rendered":"<p>Bon dia companyes i companys, adjunt trobareu el cartell de la concentraci\u00f3 que des de fa uns anys realitzam cada &hellip; <a class=\"more-link\" href=\"https:\/\/memoriadelesilles.org\/wordpress\/2017\/02\/03\/recordatori-per-dema-dissabte-4-de-febrer-a-les-12h-placa-olivar-palma\/\">M\u00e9s<\/a><\/p>\n","protected":false},"author":1,"featured_media":6253,"comment_status":"closed","ping_status":"open","sticky":false,"template":"","format":"standard","meta":{"footnotes":""},"categories":[1],"tags":[],"class_list":["post-6252","post","type-post","status-publish","format-standard","has-post-thumbnail","hentry","category-uncategorized",""],"_links":{"self":[{"href":"https:\/\/memoriadelesilles.org\/wordpress\/wp-json\/wp\/v2\/posts\/6252","targetHints":{"allow":["GET"]}}],"collection":[{"href":"https:\/\/memoriadelesilles.org\/wordpress\/wp-json\/wp\/v2\/posts"}],"about":[{"href":"https:\/\/memoriadelesilles.org\/wordpress\/wp-json\/wp\/v2\/types\/post"}],"author":[{"embeddable":true,"href":"https:\/\/memoriadelesilles.org\/wordpress\/wp-json\/wp\/v2\/users\/1"}],"replies":[{"embeddable":true,"href":"https:\/\/memoriadelesilles.org\/wordpress\/wp-json\/wp\/v2\/comments?post=6252"}],"version-history":[{"count":0,"href":"https:\/\/memoriadelesilles.org\/wordpress\/wp-json\/wp\/v2\/posts\/6252\/revisions"}],"wp:featuredmedia":[{"embeddable":true,"href":"https:\/\/memoriadelesilles.org\/wordpress\/wp-json\/wp\/v2\/media\/6253"}],"wp:attachment":[{"href":"https:\/\/memoriadelesilles.org\/wordpress\/wp-json\/wp\/v2\/media?parent=6252"}],"wp:term":[{"taxonomy":"category","embeddable":true,"href":"https:\/\/memoriadelesilles.org\/wordpress\/wp-json\/wp\/v2\/categories?post=6252"},{"taxonomy":"post_tag","embeddable":true,"href":"https:\/\/memoriadelesilles.org\/wordpress\/wp-json\/wp\/v2\/tags?post=6252"}],"curies":[{"name":"wp","href":"https:\/\/api.w.org\/{rel}","templated":true}]}}