{"id":6243,"date":"2016-01-14T22:44:00","date_gmt":"2016-01-14T22:44:00","guid":{"rendered":"http:\/\/memoriadelesilles.org\/?p=6243"},"modified":"2017-04-06T22:44:53","modified_gmt":"2017-04-06T22:44:53","slug":"dema-15-de-gener-12h-a-selva-homenatge-a-les-victimes-del-municipi","status":"publish","type":"post","link":"https:\/\/memoriadelesilles.org\/wordpress\/2016\/01\/14\/dema-15-de-gener-12h-a-selva-homenatge-a-les-victimes-del-municipi\/","title":{"rendered":"DEM\u00c0, 15 DE GENER, 12H, A SELVA: HOMENATGE A LES V\u00cdCTIMES DEL MUNICIPI"},"content":{"rendered":"<p>Dem\u00e0, dia 15 de gener, a les 12 hores, a l&#8217;Auditori de &#8220;Es Centre de Formaci\u00f3&#8221; de Selva:<\/p>\n<p>&#8220;80 anys de silenci&#8221;<br \/>\nHomenatge a les v\u00edctimes del municip\u00ec:<\/p>\n<p>Juli\u00e0 Bennassar Mir<br \/>\nJosep Bernat Peric\u00e0s<br \/>\nJord\u00ed Colom Estarellas<br \/>\nLloren\u00e7 Coll Sastre<br \/>\nLloren\u00e7 Martorell Su\u00e1rez<br \/>\nLloren\u00e7 Horrach Florit<br \/>\nJoan Mateu Ferrer<br \/>\nGabriel Segu\u00ed Solivelles<br \/>\nBernat Vallori C\u00e0noves<\/p>\n<p>I a totes les v\u00edctimes de la repressi\u00f3 feixista<\/p>\n<p>Intervencions: Manel Santana Morro, historiador, Maria Ant\u00f2nia Oliver Paris, presidenta de Mem\u00f2ria de Mallorca, Ruth Mateo, consellera de Cultura i Transpar\u00e8ncia i Francisca Mora Veny, batlessa de Porreres.<br \/>\nAdjunt teniu el cartell amb tota la informaci\u00f3.<br \/>\nSalut i Mem\u00f2ria<\/p>\n<p><img loading=\"lazy\" decoding=\"async\" class=\"alignnone size-medium wp-image-6244\" src=\"http:\/\/memoriadelesilles.org\/wp-content\/uploads\/2017\/04\/Selva-212x300.jpg\" alt=\"\" width=\"212\" height=\"300\" srcset=\"https:\/\/memoriadelesilles.org\/wordpress\/wp-content\/uploads\/2017\/04\/Selva-212x300.jpg 212w, https:\/\/memoriadelesilles.org\/wordpress\/wp-content\/uploads\/2017\/04\/Selva.jpg 509w\" sizes=\"auto, (max-width: 212px) 100vw, 212px\" \/><\/p>\n","protected":false},"excerpt":{"rendered":"<p>Dem\u00e0, dia 15 de gener, a les 12 hores, a l&#8217;Auditori de &#8220;Es Centre de Formaci\u00f3&#8221; de Selva: &#8220;80 anys &hellip; <a class=\"more-link\" href=\"https:\/\/memoriadelesilles.org\/wordpress\/2016\/01\/14\/dema-15-de-gener-12h-a-selva-homenatge-a-les-victimes-del-municipi\/\">M\u00e9s<\/a><\/p>\n","protected":false},"author":1,"featured_media":6244,"comment_status":"open","ping_status":"open","sticky":false,"template":"","format":"standard","meta":{"footnotes":""},"categories":[1],"tags":[],"class_list":["post-6243","post","type-post","status-publish","format-standard","has-post-thumbnail","hentry","category-uncategorized",""],"_links":{"self":[{"href":"https:\/\/memoriadelesilles.org\/wordpress\/wp-json\/wp\/v2\/posts\/6243","targetHints":{"allow":["GET"]}}],"collection":[{"href":"https:\/\/memoriadelesilles.org\/wordpress\/wp-json\/wp\/v2\/posts"}],"about":[{"href":"https:\/\/memoriadelesilles.org\/wordpress\/wp-json\/wp\/v2\/types\/post"}],"author":[{"embeddable":true,"href":"https:\/\/memoriadelesilles.org\/wordpress\/wp-json\/wp\/v2\/users\/1"}],"replies":[{"embeddable":true,"href":"https:\/\/memoriadelesilles.org\/wordpress\/wp-json\/wp\/v2\/comments?post=6243"}],"version-history":[{"count":0,"href":"https:\/\/memoriadelesilles.org\/wordpress\/wp-json\/wp\/v2\/posts\/6243\/revisions"}],"wp:featuredmedia":[{"embeddable":true,"href":"https:\/\/memoriadelesilles.org\/wordpress\/wp-json\/wp\/v2\/media\/6244"}],"wp:attachment":[{"href":"https:\/\/memoriadelesilles.org\/wordpress\/wp-json\/wp\/v2\/media?parent=6243"}],"wp:term":[{"taxonomy":"category","embeddable":true,"href":"https:\/\/memoriadelesilles.org\/wordpress\/wp-json\/wp\/v2\/categories?post=6243"},{"taxonomy":"post_tag","embeddable":true,"href":"https:\/\/memoriadelesilles.org\/wordpress\/wp-json\/wp\/v2\/tags?post=6243"}],"curies":[{"name":"wp","href":"https:\/\/api.w.org\/{rel}","templated":true}]}}