{"id":6234,"date":"2017-01-05T22:41:36","date_gmt":"2017-01-05T22:41:36","guid":{"rendered":"http:\/\/memoriadelesilles.org\/?p=6234"},"modified":"2017-04-15T14:16:39","modified_gmt":"2017-04-15T14:16:39","slug":"presentacio-del-col%c2%b7lectiu-aurora-picornell","status":"publish","type":"post","link":"https:\/\/memoriadelesilles.org\/wordpress\/2017\/01\/05\/presentacio-del-col%c2%b7lectiu-aurora-picornell\/","title":{"rendered":"Presentacio del Col\u00b7lectiu Aurora Picornell"},"content":{"rendered":"<p>Ens dirigim a vosaltres a fi de presentar-vos la nova associaci\u00f3 cultural que hem constitu\u00eft gent de l&#8217;esquerra pol\u00edtica i ideol\u00f2gica: el <strong>Col\u00b7lectiu Aurora Picornell<\/strong>.<\/p>\n<p>Hem triat un nom particularment significatiu per a nosaltres, el d&#8217;una dona treballadora i lluitadora que va pagar amb la vida el seu comprom\u00eds pol\u00edtic. Pensam que el millor homenatge que li podem retre \u00e9s contribuir al <strong>coneixement i difusi\u00f3 de les tradicions i mem\u00f2ria dels moviments obrer, feminista i popular<\/strong>, i aquesta ser\u00e0 la finalitat principal del Col\u00b7lectiu.<\/p>\n<p><strong>Volem crear un entorn cultural<\/strong> on tothom pugui aportar els seus coneixements i les seves idees i aprendre dels altres, per a aix\u00f2 el ventall d&#8217;activitats que ens proposam realitzar \u00e9s divers. Us adjuntam la <strong>relaci\u00f3 d&#8217;actes<\/strong> que hem programat per a aquest mes de <strong>gener<\/strong>.<\/p>\n<p>La nostra intenci\u00f3 \u00e9s que siguin una oportunitat per reflexionar des de diferents cultures pol\u00edtiques d&#8217;esquerres sobre com construir una societat justa, democr\u00e0tica i feminista enmig dels canvis socioecon\u00f2mics i pol\u00edtics que ens ha tocat viure.<\/p>\n<p>Us convidam a participar i ens agradaria comptar amb la vostra col\u00b7laboraci\u00f3 en el futur.<\/p>\n<p><a href=\"http:\/\/memoriadelesilles.org\/wp-content\/uploads\/2017\/04\/gener.pdf\">gener<\/a><\/p>\n","protected":false},"excerpt":{"rendered":"<p>Ens dirigim a vosaltres a fi de presentar-vos la nova associaci\u00f3 cultural que hem constitu\u00eft gent de l&#8217;esquerra pol\u00edtica i &hellip; <a class=\"more-link\" href=\"https:\/\/memoriadelesilles.org\/wordpress\/2017\/01\/05\/presentacio-del-col%c2%b7lectiu-aurora-picornell\/\">M\u00e9s<\/a><\/p>\n","protected":false},"author":1,"featured_media":0,"comment_status":"closed","ping_status":"open","sticky":false,"template":"","format":"standard","meta":{"footnotes":""},"categories":[1],"tags":[],"class_list":["post-6234","post","type-post","status-publish","format-standard","hentry","category-uncategorized",""],"_links":{"self":[{"href":"https:\/\/memoriadelesilles.org\/wordpress\/wp-json\/wp\/v2\/posts\/6234","targetHints":{"allow":["GET"]}}],"collection":[{"href":"https:\/\/memoriadelesilles.org\/wordpress\/wp-json\/wp\/v2\/posts"}],"about":[{"href":"https:\/\/memoriadelesilles.org\/wordpress\/wp-json\/wp\/v2\/types\/post"}],"author":[{"embeddable":true,"href":"https:\/\/memoriadelesilles.org\/wordpress\/wp-json\/wp\/v2\/users\/1"}],"replies":[{"embeddable":true,"href":"https:\/\/memoriadelesilles.org\/wordpress\/wp-json\/wp\/v2\/comments?post=6234"}],"version-history":[{"count":0,"href":"https:\/\/memoriadelesilles.org\/wordpress\/wp-json\/wp\/v2\/posts\/6234\/revisions"}],"wp:attachment":[{"href":"https:\/\/memoriadelesilles.org\/wordpress\/wp-json\/wp\/v2\/media?parent=6234"}],"wp:term":[{"taxonomy":"category","embeddable":true,"href":"https:\/\/memoriadelesilles.org\/wordpress\/wp-json\/wp\/v2\/categories?post=6234"},{"taxonomy":"post_tag","embeddable":true,"href":"https:\/\/memoriadelesilles.org\/wordpress\/wp-json\/wp\/v2\/tags?post=6234"}],"curies":[{"name":"wp","href":"https:\/\/api.w.org\/{rel}","templated":true}]}}