{"id":6225,"date":"2016-12-11T22:37:50","date_gmt":"2016-12-11T22:37:50","guid":{"rendered":"http:\/\/memoriadelesilles.org\/?p=6225"},"modified":"2017-04-15T14:17:15","modified_gmt":"2017-04-15T14:17:15","slug":"presentacio-a-pollenca-proces-dexhumacio-de-les-fosses-de-porreres","status":"publish","type":"post","link":"https:\/\/memoriadelesilles.org\/wordpress\/2016\/12\/11\/presentacio-a-pollenca-proces-dexhumacio-de-les-fosses-de-porreres\/","title":{"rendered":"PRESENTACI\u00d3 A POLLEN\u00c7A: PROC\u00c9S D&#8217;EXHUMACI\u00d3 DE LES FOSSES DE PORRERES"},"content":{"rendered":"<div class=\"gmail_quote\">El proper dimecres , dia 14, a les 20h. a la sala de Plens del Ajuntament de Pollen\u00e7a:<\/div>\n<div class=\"gmail_quote\">Explicaci\u00f3 del proc\u00e9s d&#8217;exhumaci\u00f3 de la fossa de Porreres, a c\u00e0rrec dels seus coordinadors: \u00a0Maria Ant\u00f2nia Oliver, presidenta de l&#8217;Associaci\u00f3 Mem\u00f2ria de Mallorca, i Pedro de Echave, documentalista de l&#8217;Associaci\u00f3 Mem\u00f2ria de Mallorca, entitat impulsora i promotora del proc\u00e9s.<\/div>\n<div class=\"gmail_quote\"><span style=\"color: #1d2129; font-family: helvetica, arial, sans-serif;\">Adjunt teniu el cartell amb la informaci\u00f3.\u00a0<\/span><\/div>\n<div class=\"gmail_quote\"><img loading=\"lazy\" decoding=\"async\" class=\"alignnone size-medium wp-image-6226\" src=\"http:\/\/memoriadelesilles.org\/wp-content\/uploads\/2017\/04\/IMG-20161207-WA0018-1-212x300.jpg\" alt=\"\" width=\"212\" height=\"300\" srcset=\"https:\/\/memoriadelesilles.org\/wordpress\/wp-content\/uploads\/2017\/04\/IMG-20161207-WA0018-1-212x300.jpg 212w, https:\/\/memoriadelesilles.org\/wordpress\/wp-content\/uploads\/2017\/04\/IMG-20161207-WA0018-1.jpg 678w\" sizes=\"auto, (max-width: 212px) 100vw, 212px\" \/><\/div>\n","protected":false},"excerpt":{"rendered":"<p>El proper dimecres , dia 14, a les 20h. a la sala de Plens del Ajuntament de Pollen\u00e7a: Explicaci\u00f3 del &hellip; <a class=\"more-link\" href=\"https:\/\/memoriadelesilles.org\/wordpress\/2016\/12\/11\/presentacio-a-pollenca-proces-dexhumacio-de-les-fosses-de-porreres\/\">M\u00e9s<\/a><\/p>\n","protected":false},"author":1,"featured_media":6226,"comment_status":"closed","ping_status":"open","sticky":false,"template":"","format":"standard","meta":{"footnotes":""},"categories":[1],"tags":[],"class_list":["post-6225","post","type-post","status-publish","format-standard","has-post-thumbnail","hentry","category-uncategorized",""],"_links":{"self":[{"href":"https:\/\/memoriadelesilles.org\/wordpress\/wp-json\/wp\/v2\/posts\/6225","targetHints":{"allow":["GET"]}}],"collection":[{"href":"https:\/\/memoriadelesilles.org\/wordpress\/wp-json\/wp\/v2\/posts"}],"about":[{"href":"https:\/\/memoriadelesilles.org\/wordpress\/wp-json\/wp\/v2\/types\/post"}],"author":[{"embeddable":true,"href":"https:\/\/memoriadelesilles.org\/wordpress\/wp-json\/wp\/v2\/users\/1"}],"replies":[{"embeddable":true,"href":"https:\/\/memoriadelesilles.org\/wordpress\/wp-json\/wp\/v2\/comments?post=6225"}],"version-history":[{"count":0,"href":"https:\/\/memoriadelesilles.org\/wordpress\/wp-json\/wp\/v2\/posts\/6225\/revisions"}],"wp:featuredmedia":[{"embeddable":true,"href":"https:\/\/memoriadelesilles.org\/wordpress\/wp-json\/wp\/v2\/media\/6226"}],"wp:attachment":[{"href":"https:\/\/memoriadelesilles.org\/wordpress\/wp-json\/wp\/v2\/media?parent=6225"}],"wp:term":[{"taxonomy":"category","embeddable":true,"href":"https:\/\/memoriadelesilles.org\/wordpress\/wp-json\/wp\/v2\/categories?post=6225"},{"taxonomy":"post_tag","embeddable":true,"href":"https:\/\/memoriadelesilles.org\/wordpress\/wp-json\/wp\/v2\/tags?post=6225"}],"curies":[{"name":"wp","href":"https:\/\/api.w.org\/{rel}","templated":true}]}}