{"id":6222,"date":"2016-11-24T22:37:03","date_gmt":"2016-11-24T22:37:03","guid":{"rendered":"http:\/\/memoriadelesilles.org\/?p=6222"},"modified":"2017-04-15T14:17:29","modified_gmt":"2017-04-15T14:17:29","slug":"exposicio-joan-mas-i-verd","status":"publish","type":"post","link":"https:\/\/memoriadelesilles.org\/wordpress\/2016\/11\/24\/exposicio-joan-mas-i-verd\/","title":{"rendered":"EXPOSICI\u00d3 &#8220;JOAN MAS I VERD"},"content":{"rendered":"<p>l&#8217;Ajuntament de Montu\u00efri ens envia el cartell-convit a l&#8217;acte de inauguraci\u00f3 de l&#8217;exposici\u00f3 &#8220;Joan Mas i Verd, \u00a0el batle republic\u00e0 del poble, assassinat pels feixistes el setembre de 1936 a Palma.<\/p>\n<p><img loading=\"lazy\" decoding=\"async\" class=\"alignnone size-medium wp-image-6223\" src=\"http:\/\/memoriadelesilles.org\/wp-content\/uploads\/2017\/04\/Joan-Mas-300x122.jpg\" alt=\"\" width=\"300\" height=\"122\" srcset=\"https:\/\/memoriadelesilles.org\/wordpress\/wp-content\/uploads\/2017\/04\/Joan-Mas-300x122.jpg 300w, https:\/\/memoriadelesilles.org\/wordpress\/wp-content\/uploads\/2017\/04\/Joan-Mas-768x312.jpg 768w, https:\/\/memoriadelesilles.org\/wordpress\/wp-content\/uploads\/2017\/04\/Joan-Mas-1024x415.jpg 1024w, https:\/\/memoriadelesilles.org\/wordpress\/wp-content\/uploads\/2017\/04\/Joan-Mas.jpg 1600w\" sizes=\"auto, (max-width: 300px) 100vw, 300px\" \/><\/p>\n","protected":false},"excerpt":{"rendered":"<p>l&#8217;Ajuntament de Montu\u00efri ens envia el cartell-convit a l&#8217;acte de inauguraci\u00f3 de l&#8217;exposici\u00f3 &#8220;Joan Mas i Verd, \u00a0el batle republic\u00e0 &hellip; <a class=\"more-link\" href=\"https:\/\/memoriadelesilles.org\/wordpress\/2016\/11\/24\/exposicio-joan-mas-i-verd\/\">M\u00e9s<\/a><\/p>\n","protected":false},"author":1,"featured_media":6223,"comment_status":"closed","ping_status":"open","sticky":false,"template":"","format":"standard","meta":{"footnotes":""},"categories":[1],"tags":[],"class_list":["post-6222","post","type-post","status-publish","format-standard","has-post-thumbnail","hentry","category-uncategorized",""],"_links":{"self":[{"href":"https:\/\/memoriadelesilles.org\/wordpress\/wp-json\/wp\/v2\/posts\/6222","targetHints":{"allow":["GET"]}}],"collection":[{"href":"https:\/\/memoriadelesilles.org\/wordpress\/wp-json\/wp\/v2\/posts"}],"about":[{"href":"https:\/\/memoriadelesilles.org\/wordpress\/wp-json\/wp\/v2\/types\/post"}],"author":[{"embeddable":true,"href":"https:\/\/memoriadelesilles.org\/wordpress\/wp-json\/wp\/v2\/users\/1"}],"replies":[{"embeddable":true,"href":"https:\/\/memoriadelesilles.org\/wordpress\/wp-json\/wp\/v2\/comments?post=6222"}],"version-history":[{"count":0,"href":"https:\/\/memoriadelesilles.org\/wordpress\/wp-json\/wp\/v2\/posts\/6222\/revisions"}],"wp:featuredmedia":[{"embeddable":true,"href":"https:\/\/memoriadelesilles.org\/wordpress\/wp-json\/wp\/v2\/media\/6223"}],"wp:attachment":[{"href":"https:\/\/memoriadelesilles.org\/wordpress\/wp-json\/wp\/v2\/media?parent=6222"}],"wp:term":[{"taxonomy":"category","embeddable":true,"href":"https:\/\/memoriadelesilles.org\/wordpress\/wp-json\/wp\/v2\/categories?post=6222"},{"taxonomy":"post_tag","embeddable":true,"href":"https:\/\/memoriadelesilles.org\/wordpress\/wp-json\/wp\/v2\/tags?post=6222"}],"curies":[{"name":"wp","href":"https:\/\/api.w.org\/{rel}","templated":true}]}}