{"id":6220,"date":"2016-11-24T23:36:13","date_gmt":"2016-11-24T23:36:13","guid":{"rendered":"http:\/\/memoriadelesilles.org\/?p=6220"},"modified":"2017-04-15T14:17:24","modified_gmt":"2017-04-15T14:17:24","slug":"gabriel-torrens-llompart-de-la-carrera-militar-a-la-sublevacio-a-les-jornades-destudis-locals-dinca","status":"publish","type":"post","link":"https:\/\/memoriadelesilles.org\/wordpress\/2016\/11\/24\/gabriel-torrens-llompart-de-la-carrera-militar-a-la-sublevacio-a-les-jornades-destudis-locals-dinca\/","title":{"rendered":"&#8220;Gabriel Torrens Llompart, de la carrera militar a la sublevaci\u00f3&#8221;, a les Jornades d&#8217;Estudis Locals d&#8217;Inca"},"content":{"rendered":"<div>\n<div><span style=\"font-size: large;\">Les Jornades d&#8217;Estudis Locals d&#8217;Inca se celebraran aquest divendres 25 (20 h) i dissabte 26 (de 9 a 13.45) al Claustre de Sant Domingo d&#8217;Inca.<\/p>\n<p><\/span><\/div>\n<p><span style=\"font-size: large;\">El motiu \u00e9s la presentaci\u00f3 de la meva comunicaci\u00f3 &#8220;Gabriel Torrens Llompart, de la carrera militar a la sublevaci\u00f3&#8221;. L&#8217;objectiu \u00e9s el de recuperar la mem\u00f2ria de Gabriel Torrens, el meu oncle, que fou protagonista de la Revoluci\u00f3 d&#8217;Ast\u00faries en passar-se al b\u00e0ndol del miners. Una llarga hist\u00f2ria que despr\u00e9s seguir\u00e0 en el 36 ja en b\u00e0ndol republic\u00e0 i on arrib\u00e0 a ser Cap de la policia municipal de Madrid, el 37 i despr\u00e9s Cap de l&#8217;Estat Major de la II Divisi\u00f3 d&#8217;Assalt. Condemnat, empresonat, exiliat&#8230;.<\/p>\n<p><\/span><\/div>\n<p><span style=\"font-size: large;\">La comunicaci\u00f3 \u00e9s al voltant de la primera \u00e8poca d&#8217;estudiant fins a la Revoluci\u00f3 d&#8217;Ast\u00faries. L&#8217;hora que se m&#8217;ha assignat \u00e9s a les 13.15 de dia 26 de novembre.<\/span><\/p>\n<p>&nbsp;<\/p>\n","protected":false},"excerpt":{"rendered":"<p>Les Jornades d&#8217;Estudis Locals d&#8217;Inca se celebraran aquest divendres 25 (20 h) i dissabte 26 (de 9 a 13.45) al &hellip; <a class=\"more-link\" href=\"https:\/\/memoriadelesilles.org\/wordpress\/2016\/11\/24\/gabriel-torrens-llompart-de-la-carrera-militar-a-la-sublevacio-a-les-jornades-destudis-locals-dinca\/\">M\u00e9s<\/a><\/p>\n","protected":false},"author":1,"featured_media":0,"comment_status":"closed","ping_status":"open","sticky":false,"template":"","format":"standard","meta":{"footnotes":""},"categories":[1],"tags":[],"class_list":["post-6220","post","type-post","status-publish","format-standard","hentry","category-uncategorized",""],"_links":{"self":[{"href":"https:\/\/memoriadelesilles.org\/wordpress\/wp-json\/wp\/v2\/posts\/6220","targetHints":{"allow":["GET"]}}],"collection":[{"href":"https:\/\/memoriadelesilles.org\/wordpress\/wp-json\/wp\/v2\/posts"}],"about":[{"href":"https:\/\/memoriadelesilles.org\/wordpress\/wp-json\/wp\/v2\/types\/post"}],"author":[{"embeddable":true,"href":"https:\/\/memoriadelesilles.org\/wordpress\/wp-json\/wp\/v2\/users\/1"}],"replies":[{"embeddable":true,"href":"https:\/\/memoriadelesilles.org\/wordpress\/wp-json\/wp\/v2\/comments?post=6220"}],"version-history":[{"count":0,"href":"https:\/\/memoriadelesilles.org\/wordpress\/wp-json\/wp\/v2\/posts\/6220\/revisions"}],"wp:attachment":[{"href":"https:\/\/memoriadelesilles.org\/wordpress\/wp-json\/wp\/v2\/media?parent=6220"}],"wp:term":[{"taxonomy":"category","embeddable":true,"href":"https:\/\/memoriadelesilles.org\/wordpress\/wp-json\/wp\/v2\/categories?post=6220"},{"taxonomy":"post_tag","embeddable":true,"href":"https:\/\/memoriadelesilles.org\/wordpress\/wp-json\/wp\/v2\/tags?post=6220"}],"curies":[{"name":"wp","href":"https:\/\/api.w.org\/{rel}","templated":true}]}}