{"id":6216,"date":"2016-11-24T22:34:58","date_gmt":"2016-11-24T22:34:58","guid":{"rendered":"http:\/\/memoriadelesilles.org\/?p=6216"},"modified":"2017-04-15T14:17:31","modified_gmt":"2017-04-15T14:17:31","slug":"concentracio-brigades-internacionals-veritat-justicia-i-reparacio","status":"publish","type":"post","link":"https:\/\/memoriadelesilles.org\/wordpress\/2016\/11\/24\/concentracio-brigades-internacionals-veritat-justicia-i-reparacio\/","title":{"rendered":"CONCENTRACI\u00d3: BRIGADES INTERNACIONALS. VERITAT, JUST\u00cdCIA I REPARACI\u00d3."},"content":{"rendered":"<p><span lang=\"CA\">El pr\u00f2xim dissabte <b>3\/12\/2016, a les 12h, a la Pla\u00e7a Olivar de Palma,<\/b> Mem\u00f2ria de Mallorca torna a sortir al carrer,<span class=\"m_-7975397345192671352gmail-apple-converted-space\">\u00a0<\/span>com<b> <\/b>cada primer dissabte de mes<b>.<\/b><span class=\"m_-7975397345192671352gmail-apple-converted-space\">\u00a0<\/span><span class=\"m_-7975397345192671352gmail-im\">En aquesta ocasi\u00f3 ens acomiadem de l&#8217;any amb una concentraci\u00f3 homenatge al <b>80 aniversari de les brigades internacionals<\/b>, tot un exemple de sacrifici i solidaritat per a la llibertat dels pobles.<\/span><br \/>\n<span class=\"m_-7975397345192671352gmail-im\">\u00c9s\u00a0de vital\u00a0import\u00e0ncia\u00a0no oblidar el passat per construir el futur amb uns valors democr\u00e0tics i populars al servei de la societat, per aix\u00f2 seguim reclamant en la darrera concentraci\u00f3 d&#8217;aquest any els valors i els objectius que impulsen la nostra associaci\u00f3, resumidament\u00a0s\u00f3n\u00a0els seg\u00fcents:<\/span><\/span><\/p>\n<p><span lang=\"CA\">&#8211; \u00a0<\/span><span dir=\"LTR\"><span class=\"m_-7975397345192671352gmail-im\"><span lang=\"CA\">Anul\u00b7laci\u00f3\u00a0dels judicis franquistes<\/span><\/span><\/span><\/p>\n<p><span dir=\"LTR\"><span class=\"m_-7975397345192671352gmail-im\"><span lang=\"CA\">&#8211; Reserca i exhumaci\u00f3 de les fosses de v\u00edctimes del feixisme\u00a0<\/span><\/span><\/span><\/p>\n<p><span dir=\"LTR\"><span class=\"m_-7975397345192671352gmail-im\"><span lang=\"CA\">&#8211; Retirada dels s\u00edmbols i monuments que atempten contra els drets humans enaltint el triomf de la dictadura.<\/span><\/span><\/span><\/p>\n<p><span lang=\"CA\">&#8211; \u00a0<\/span><span dir=\"LTR\"><span lang=\"CA\">Veritat, Just\u00edcia i Reparaci\u00f3 per a totes les v\u00edctimes del feixisme<\/span><\/span><span lang=\"CA\">.<\/span><\/p>\n<p><span lang=\"CA\"><span style=\"font-family: verdana;\">Vos hi esparam i pregam doneu la m\u00e0xima difusi\u00f3 a la convocat\u00f2ria!!!<\/span><\/span><\/p>\n<p><img loading=\"lazy\" decoding=\"async\" class=\"alignnone size-medium wp-image-6218\" src=\"http:\/\/memoriadelesilles.org\/wp-content\/uploads\/2016\/11\/C.-Brigades-MdM-210x300.jpg\" alt=\"\" width=\"210\" height=\"300\" srcset=\"https:\/\/memoriadelesilles.org\/wordpress\/wp-content\/uploads\/2016\/11\/C.-Brigades-MdM-210x300.jpg 210w, https:\/\/memoriadelesilles.org\/wordpress\/wp-content\/uploads\/2016\/11\/C.-Brigades-MdM-768x1095.jpg 768w, https:\/\/memoriadelesilles.org\/wordpress\/wp-content\/uploads\/2016\/11\/C.-Brigades-MdM-718x1024.jpg 718w, https:\/\/memoriadelesilles.org\/wordpress\/wp-content\/uploads\/2016\/11\/C.-Brigades-MdM.jpg 1122w\" sizes=\"auto, (max-width: 210px) 100vw, 210px\" \/><\/p>\n","protected":false},"excerpt":{"rendered":"<p>El pr\u00f2xim dissabte 3\/12\/2016, a les 12h, a la Pla\u00e7a Olivar de Palma, Mem\u00f2ria de Mallorca torna a sortir al &hellip; <a class=\"more-link\" href=\"https:\/\/memoriadelesilles.org\/wordpress\/2016\/11\/24\/concentracio-brigades-internacionals-veritat-justicia-i-reparacio\/\">M\u00e9s<\/a><\/p>\n","protected":false},"author":1,"featured_media":6218,"comment_status":"closed","ping_status":"open","sticky":false,"template":"","format":"standard","meta":{"footnotes":""},"categories":[1],"tags":[],"class_list":["post-6216","post","type-post","status-publish","format-standard","has-post-thumbnail","hentry","category-uncategorized",""],"_links":{"self":[{"href":"https:\/\/memoriadelesilles.org\/wordpress\/wp-json\/wp\/v2\/posts\/6216","targetHints":{"allow":["GET"]}}],"collection":[{"href":"https:\/\/memoriadelesilles.org\/wordpress\/wp-json\/wp\/v2\/posts"}],"about":[{"href":"https:\/\/memoriadelesilles.org\/wordpress\/wp-json\/wp\/v2\/types\/post"}],"author":[{"embeddable":true,"href":"https:\/\/memoriadelesilles.org\/wordpress\/wp-json\/wp\/v2\/users\/1"}],"replies":[{"embeddable":true,"href":"https:\/\/memoriadelesilles.org\/wordpress\/wp-json\/wp\/v2\/comments?post=6216"}],"version-history":[{"count":0,"href":"https:\/\/memoriadelesilles.org\/wordpress\/wp-json\/wp\/v2\/posts\/6216\/revisions"}],"wp:featuredmedia":[{"embeddable":true,"href":"https:\/\/memoriadelesilles.org\/wordpress\/wp-json\/wp\/v2\/media\/6218"}],"wp:attachment":[{"href":"https:\/\/memoriadelesilles.org\/wordpress\/wp-json\/wp\/v2\/media?parent=6216"}],"wp:term":[{"taxonomy":"category","embeddable":true,"href":"https:\/\/memoriadelesilles.org\/wordpress\/wp-json\/wp\/v2\/categories?post=6216"},{"taxonomy":"post_tag","embeddable":true,"href":"https:\/\/memoriadelesilles.org\/wordpress\/wp-json\/wp\/v2\/tags?post=6216"}],"curies":[{"name":"wp","href":"https:\/\/api.w.org\/{rel}","templated":true}]}}