{"id":6210,"date":"2016-11-04T22:32:43","date_gmt":"2016-11-04T22:32:43","guid":{"rendered":"http:\/\/memoriadelesilles.org\/?p=6210"},"modified":"2017-04-15T14:17:49","modified_gmt":"2017-04-15T14:17:49","slug":"presentacio-1937-exodo-malaga-almeria-nuevas-fuentes-de-investigacion-i-taula-sobre-el-monument-de-sa-feixina","status":"publish","type":"post","link":"https:\/\/memoriadelesilles.org\/wordpress\/2016\/11\/04\/presentacio-1937-exodo-malaga-almeria-nuevas-fuentes-de-investigacion-i-taula-sobre-el-monument-de-sa-feixina\/","title":{"rendered":"Presentaci\u00f3 &#8220;1937, \u00c9xodo M\u00e1laga Almer\u00eda, nuevas fuentes de investigaci\u00f3n&#8221; i taula sobre el monument de Sa Feixina"},"content":{"rendered":"<p><img loading=\"lazy\" decoding=\"async\" class=\"alignnone size-medium wp-image-6211\" src=\"http:\/\/memoriadelesilles.org\/wp-content\/uploads\/2017\/04\/XXa-edici\u00f3-Escola-de-Tardor.-205x300.jpg\" alt=\"\" width=\"205\" height=\"300\" srcset=\"https:\/\/memoriadelesilles.org\/wordpress\/wp-content\/uploads\/2017\/04\/XXa-edici\u00f3-Escola-de-Tardor.-205x300.jpg 205w, https:\/\/memoriadelesilles.org\/wordpress\/wp-content\/uploads\/2017\/04\/XXa-edici\u00f3-Escola-de-Tardor.-768x1127.jpg 768w, https:\/\/memoriadelesilles.org\/wordpress\/wp-content\/uploads\/2017\/04\/XXa-edici\u00f3-Escola-de-Tardor.-698x1024.jpg 698w, https:\/\/memoriadelesilles.org\/wordpress\/wp-content\/uploads\/2017\/04\/XXa-edici\u00f3-Escola-de-Tardor..jpg 1240w\" sizes=\"auto, (max-width: 205px) 100vw, 205px\" \/><\/p>\n","protected":false},"excerpt":{"rendered":"","protected":false},"author":1,"featured_media":6211,"comment_status":"closed","ping_status":"open","sticky":false,"template":"","format":"standard","meta":{"footnotes":""},"categories":[1],"tags":[],"class_list":["post-6210","post","type-post","status-publish","format-standard","has-post-thumbnail","hentry","category-uncategorized",""],"_links":{"self":[{"href":"https:\/\/memoriadelesilles.org\/wordpress\/wp-json\/wp\/v2\/posts\/6210","targetHints":{"allow":["GET"]}}],"collection":[{"href":"https:\/\/memoriadelesilles.org\/wordpress\/wp-json\/wp\/v2\/posts"}],"about":[{"href":"https:\/\/memoriadelesilles.org\/wordpress\/wp-json\/wp\/v2\/types\/post"}],"author":[{"embeddable":true,"href":"https:\/\/memoriadelesilles.org\/wordpress\/wp-json\/wp\/v2\/users\/1"}],"replies":[{"embeddable":true,"href":"https:\/\/memoriadelesilles.org\/wordpress\/wp-json\/wp\/v2\/comments?post=6210"}],"version-history":[{"count":0,"href":"https:\/\/memoriadelesilles.org\/wordpress\/wp-json\/wp\/v2\/posts\/6210\/revisions"}],"wp:featuredmedia":[{"embeddable":true,"href":"https:\/\/memoriadelesilles.org\/wordpress\/wp-json\/wp\/v2\/media\/6211"}],"wp:attachment":[{"href":"https:\/\/memoriadelesilles.org\/wordpress\/wp-json\/wp\/v2\/media?parent=6210"}],"wp:term":[{"taxonomy":"category","embeddable":true,"href":"https:\/\/memoriadelesilles.org\/wordpress\/wp-json\/wp\/v2\/categories?post=6210"},{"taxonomy":"post_tag","embeddable":true,"href":"https:\/\/memoriadelesilles.org\/wordpress\/wp-json\/wp\/v2\/tags?post=6210"}],"curies":[{"name":"wp","href":"https:\/\/api.w.org\/{rel}","templated":true}]}}