{"id":6205,"date":"2016-10-17T22:30:53","date_gmt":"2016-10-17T22:30:53","guid":{"rendered":"http:\/\/memoriadelesilles.org\/?p=6205"},"modified":"2017-04-15T14:18:00","modified_gmt":"2017-04-15T14:18:00","slug":"presentacio-del-llibre-sobre-aurora-picornell","status":"publish","type":"post","link":"https:\/\/memoriadelesilles.org\/wordpress\/2016\/10\/17\/presentacio-del-llibre-sobre-aurora-picornell\/","title":{"rendered":"Presentaci\u00f3 del llibre sobre Aurora Picornell"},"content":{"rendered":"<div>Les dues Fundacions presentam el proper dimecres dia 19 d&#8217;octubre a Palma, a les 20&#8217;00h i a Can Alcover, el llibre de David Ginard &#8220;Aurora Picornell (1912-1937). De la hist\u00f2ria al s\u00edmbol&#8221;. L&#8217;inter\u00e8s del llibre est\u00e0 fonamentat en la meticulositat en la recerca de les fonts i els criteris rigorosos que acompanyen sempre als treballs de l&#8217;autor. L&#8217;acompanyaran en la presentaci\u00f3 Margalida Capell\u00e0 i Francisca Mas, que ajudaran a entendre el context i significat de la figura d&#8217;Aurora Picornell.<\/div>\n<div><\/div>\n<div>El llibre est\u00e0 disponible tamb\u00e9 a l&#8217;Ateneu. El preu de venta al p\u00fablic \u00e9s de 20\u20ac. Si el voleu reservar podeu telefonar a l&#8217;Ateneu <a href=\"tel:871%2096%2054%2066\" target=\"_blank\">871965466<\/a> o escriure al correu electr\u00f2nic que teniu abaix.<\/div>\n<div><\/div>\n<div>Estau convidats a assistir-hi els que pugueu estar per Palma, i vos agrair\u00edem que ens ajudeu tamb\u00e9 a fer-ne la major difusi\u00f3 possible.<\/div>\n<div><\/div>\n<div><img loading=\"lazy\" decoding=\"async\" class=\"alignnone size-medium wp-image-6206\" src=\"http:\/\/memoriadelesilles.org\/wp-content\/uploads\/2017\/04\/aurora-picornell-300x143.jpg\" alt=\"\" width=\"300\" height=\"143\" srcset=\"https:\/\/memoriadelesilles.org\/wordpress\/wp-content\/uploads\/2017\/04\/aurora-picornell-300x143.jpg 300w, https:\/\/memoriadelesilles.org\/wordpress\/wp-content\/uploads\/2017\/04\/aurora-picornell-768x366.jpg 768w, https:\/\/memoriadelesilles.org\/wordpress\/wp-content\/uploads\/2017\/04\/aurora-picornell-1024x488.jpg 1024w\" sizes=\"auto, (max-width: 300px) 100vw, 300px\" \/><\/div>\n","protected":false},"excerpt":{"rendered":"<p>Les dues Fundacions presentam el proper dimecres dia 19 d&#8217;octubre a Palma, a les 20&#8217;00h i a Can Alcover, el &hellip; <a class=\"more-link\" href=\"https:\/\/memoriadelesilles.org\/wordpress\/2016\/10\/17\/presentacio-del-llibre-sobre-aurora-picornell\/\">M\u00e9s<\/a><\/p>\n","protected":false},"author":1,"featured_media":6206,"comment_status":"closed","ping_status":"open","sticky":false,"template":"","format":"standard","meta":{"footnotes":""},"categories":[1],"tags":[],"class_list":["post-6205","post","type-post","status-publish","format-standard","has-post-thumbnail","hentry","category-uncategorized",""],"_links":{"self":[{"href":"https:\/\/memoriadelesilles.org\/wordpress\/wp-json\/wp\/v2\/posts\/6205","targetHints":{"allow":["GET"]}}],"collection":[{"href":"https:\/\/memoriadelesilles.org\/wordpress\/wp-json\/wp\/v2\/posts"}],"about":[{"href":"https:\/\/memoriadelesilles.org\/wordpress\/wp-json\/wp\/v2\/types\/post"}],"author":[{"embeddable":true,"href":"https:\/\/memoriadelesilles.org\/wordpress\/wp-json\/wp\/v2\/users\/1"}],"replies":[{"embeddable":true,"href":"https:\/\/memoriadelesilles.org\/wordpress\/wp-json\/wp\/v2\/comments?post=6205"}],"version-history":[{"count":0,"href":"https:\/\/memoriadelesilles.org\/wordpress\/wp-json\/wp\/v2\/posts\/6205\/revisions"}],"wp:featuredmedia":[{"embeddable":true,"href":"https:\/\/memoriadelesilles.org\/wordpress\/wp-json\/wp\/v2\/media\/6206"}],"wp:attachment":[{"href":"https:\/\/memoriadelesilles.org\/wordpress\/wp-json\/wp\/v2\/media?parent=6205"}],"wp:term":[{"taxonomy":"category","embeddable":true,"href":"https:\/\/memoriadelesilles.org\/wordpress\/wp-json\/wp\/v2\/categories?post=6205"},{"taxonomy":"post_tag","embeddable":true,"href":"https:\/\/memoriadelesilles.org\/wordpress\/wp-json\/wp\/v2\/tags?post=6205"}],"curies":[{"name":"wp","href":"https:\/\/api.w.org\/{rel}","templated":true}]}}