{"id":6202,"date":"2016-09-20T22:29:55","date_gmt":"2016-09-20T22:29:55","guid":{"rendered":"http:\/\/memoriadelesilles.org\/?p=6202"},"modified":"2017-04-15T14:18:09","modified_gmt":"2017-04-15T14:18:09","slug":"jornades-de-lluita-social-homanetge-als-darrers-afussellants-per-franco","status":"publish","type":"post","link":"https:\/\/memoriadelesilles.org\/wordpress\/2016\/09\/20\/jornades-de-lluita-social-homanetge-als-darrers-afussellants-per-franco\/","title":{"rendered":"Jornades de Lluita Social, homanetge als darrers afussellants per Franco"},"content":{"rendered":"<div class=\"gmail_quote\">Acte en homenatge als lluitadors antifeixistes: J<b>os\u00e9 Humberto Baena, Jos\u00e9 Luis S\u00e1nchez Bravo, Ram\u00f3n Grac\u00eda Sanz, Juan Paredes Manot (Txiki) i \u00c1ngel Otaegui,<\/b> \u00a0assassinats per la dictadura franquista el 27 de setembre de 1975.<\/div>\n<div class=\"gmail_quote\"><\/div>\n<div class=\"gmail_quote\"><b>Dia 30 de setembre a \u00c0gora (Reina Cristina, 34 Palma), a les 19 hores.\u00a0<\/b><\/div>\n<div class=\"gmail_quote\"><\/div>\n<div class=\"gmail_quote\"><img loading=\"lazy\" decoding=\"async\" class=\"alignnone size-medium wp-image-6203\" src=\"http:\/\/memoriadelesilles.org\/wp-content\/uploads\/2017\/04\/IMG-20160915-WA0001-1-212x300.jpg\" alt=\"\" width=\"212\" height=\"300\" srcset=\"https:\/\/memoriadelesilles.org\/wordpress\/wp-content\/uploads\/2017\/04\/IMG-20160915-WA0001-1-212x300.jpg 212w, https:\/\/memoriadelesilles.org\/wordpress\/wp-content\/uploads\/2017\/04\/IMG-20160915-WA0001-1-768x1087.jpg 768w, https:\/\/memoriadelesilles.org\/wordpress\/wp-content\/uploads\/2017\/04\/IMG-20160915-WA0001-1-723x1024.jpg 723w, https:\/\/memoriadelesilles.org\/wordpress\/wp-content\/uploads\/2017\/04\/IMG-20160915-WA0001-1.jpg 904w\" sizes=\"auto, (max-width: 212px) 100vw, 212px\" \/><\/div>\n","protected":false},"excerpt":{"rendered":"<p>Acte en homenatge als lluitadors antifeixistes: Jos\u00e9 Humberto Baena, Jos\u00e9 Luis S\u00e1nchez Bravo, Ram\u00f3n Grac\u00eda Sanz, Juan Paredes Manot (Txiki) &hellip; <a class=\"more-link\" href=\"https:\/\/memoriadelesilles.org\/wordpress\/2016\/09\/20\/jornades-de-lluita-social-homanetge-als-darrers-afussellants-per-franco\/\">M\u00e9s<\/a><\/p>\n","protected":false},"author":1,"featured_media":6203,"comment_status":"closed","ping_status":"open","sticky":false,"template":"","format":"standard","meta":{"footnotes":""},"categories":[1],"tags":[],"class_list":["post-6202","post","type-post","status-publish","format-standard","has-post-thumbnail","hentry","category-uncategorized",""],"_links":{"self":[{"href":"https:\/\/memoriadelesilles.org\/wordpress\/wp-json\/wp\/v2\/posts\/6202","targetHints":{"allow":["GET"]}}],"collection":[{"href":"https:\/\/memoriadelesilles.org\/wordpress\/wp-json\/wp\/v2\/posts"}],"about":[{"href":"https:\/\/memoriadelesilles.org\/wordpress\/wp-json\/wp\/v2\/types\/post"}],"author":[{"embeddable":true,"href":"https:\/\/memoriadelesilles.org\/wordpress\/wp-json\/wp\/v2\/users\/1"}],"replies":[{"embeddable":true,"href":"https:\/\/memoriadelesilles.org\/wordpress\/wp-json\/wp\/v2\/comments?post=6202"}],"version-history":[{"count":0,"href":"https:\/\/memoriadelesilles.org\/wordpress\/wp-json\/wp\/v2\/posts\/6202\/revisions"}],"wp:featuredmedia":[{"embeddable":true,"href":"https:\/\/memoriadelesilles.org\/wordpress\/wp-json\/wp\/v2\/media\/6203"}],"wp:attachment":[{"href":"https:\/\/memoriadelesilles.org\/wordpress\/wp-json\/wp\/v2\/media?parent=6202"}],"wp:term":[{"taxonomy":"category","embeddable":true,"href":"https:\/\/memoriadelesilles.org\/wordpress\/wp-json\/wp\/v2\/categories?post=6202"},{"taxonomy":"post_tag","embeddable":true,"href":"https:\/\/memoriadelesilles.org\/wordpress\/wp-json\/wp\/v2\/tags?post=6202"}],"curies":[{"name":"wp","href":"https:\/\/api.w.org\/{rel}","templated":true}]}}