{"id":6200,"date":"2016-09-16T22:27:07","date_gmt":"2016-09-16T22:27:07","guid":{"rendered":"http:\/\/memoriadelesilles.org\/?p=6200"},"modified":"2017-04-15T14:18:10","modified_gmt":"2017-04-15T14:18:10","slug":"dema-17-setembre-2140h-estrena-a-ib3-bayo-el-desembarcament-a-porto-cristo","status":"publish","type":"post","link":"https:\/\/memoriadelesilles.org\/wordpress\/2016\/09\/16\/dema-17-setembre-2140h-estrena-a-ib3-bayo-el-desembarcament-a-porto-cristo\/","title":{"rendered":"Dem\u00e0, 17 setembre, 21:40h. estrena a IB3: Bayo, el desembarcament a Porto Cristo"},"content":{"rendered":"<div class=\"gmail_quote\">Dem\u00e0 dissabte, 17 de setembre, a les 21:40 hores, IB3 estrena el documental <i>&#8220;Bayo, el desembarcament a Porto Cristo&#8221;.<\/i><\/div>\n<div class=\"gmail_quote\">Aqu\u00ed teniu un enlla\u00e7 amb m\u00e9s informaci\u00f3:<\/div>\n<div class=\"gmail_quote\">\n<p dir=\"ltr\"><a href=\"http:\/\/ib3tv.com\/20160916_249698-documental-bayo-el-desembarcament-a-porto-cristo.html\" target=\"_blank\" data-saferedirecturl=\"https:\/\/www.google.com\/url?hl=ca&amp;q=http:\/\/ib3tv.com\/20160916_249698-documental-bayo-el-desembarcament-a-porto-cristo.html&amp;source=gmail&amp;ust=1491604103658000&amp;usg=AFQjCNEn7uh4hPC9vcDkf_piFTbO-9nTkA\">http:\/\/ib3tv.com\/20160916_2496<wbr \/>98-documental-bayo-el-desembar<wbr \/>cament-a-porto-cristo.html<\/a><\/p>\n<\/div>\n","protected":false},"excerpt":{"rendered":"<p>Dem\u00e0 dissabte, 17 de setembre, a les 21:40 hores, IB3 estrena el documental &#8220;Bayo, el desembarcament a Porto Cristo&#8221;. Aqu\u00ed &hellip; <a class=\"more-link\" href=\"https:\/\/memoriadelesilles.org\/wordpress\/2016\/09\/16\/dema-17-setembre-2140h-estrena-a-ib3-bayo-el-desembarcament-a-porto-cristo\/\">M\u00e9s<\/a><\/p>\n","protected":false},"author":1,"featured_media":0,"comment_status":"closed","ping_status":"open","sticky":false,"template":"","format":"standard","meta":{"footnotes":""},"categories":[1],"tags":[],"class_list":["post-6200","post","type-post","status-publish","format-standard","hentry","category-uncategorized",""],"_links":{"self":[{"href":"https:\/\/memoriadelesilles.org\/wordpress\/wp-json\/wp\/v2\/posts\/6200","targetHints":{"allow":["GET"]}}],"collection":[{"href":"https:\/\/memoriadelesilles.org\/wordpress\/wp-json\/wp\/v2\/posts"}],"about":[{"href":"https:\/\/memoriadelesilles.org\/wordpress\/wp-json\/wp\/v2\/types\/post"}],"author":[{"embeddable":true,"href":"https:\/\/memoriadelesilles.org\/wordpress\/wp-json\/wp\/v2\/users\/1"}],"replies":[{"embeddable":true,"href":"https:\/\/memoriadelesilles.org\/wordpress\/wp-json\/wp\/v2\/comments?post=6200"}],"version-history":[{"count":0,"href":"https:\/\/memoriadelesilles.org\/wordpress\/wp-json\/wp\/v2\/posts\/6200\/revisions"}],"wp:attachment":[{"href":"https:\/\/memoriadelesilles.org\/wordpress\/wp-json\/wp\/v2\/media?parent=6200"}],"wp:term":[{"taxonomy":"category","embeddable":true,"href":"https:\/\/memoriadelesilles.org\/wordpress\/wp-json\/wp\/v2\/categories?post=6200"},{"taxonomy":"post_tag","embeddable":true,"href":"https:\/\/memoriadelesilles.org\/wordpress\/wp-json\/wp\/v2\/tags?post=6200"}],"curies":[{"name":"wp","href":"https:\/\/api.w.org\/{rel}","templated":true}]}}