{"id":6170,"date":"2016-09-21T07:50:36","date_gmt":"2016-09-21T07:50:36","guid":{"rendered":"http:\/\/www.memoriadelesilles.org\/wordpress\/?p=6170"},"modified":"2016-09-21T07:50:36","modified_gmt":"2016-09-21T07:50:36","slug":"homenatge-als-lluitadors-antifeixistes","status":"publish","type":"post","link":"https:\/\/memoriadelesilles.org\/wordpress\/2016\/09\/21\/homenatge-als-lluitadors-antifeixistes\/","title":{"rendered":"Homenatge als lluitadors antifeixistes"},"content":{"rendered":"<div class=\"gmail_quote\" style=\"font-weight: normal; color: #222222;\">Homenatge als lluitadors antifeixistes: J<b>os\u00e9 Humberto Baena, Jos\u00e9 Luis S\u00e1nchez Bravo, Ram\u00f3n Grac\u00eda Sanz, Juan Paredes Manot (Txiki) i \u00c1ngel Otaegui,<\/b>\u00a0\u00a0assassinats per la dictadura franquista el 27 de setembre de 1975.<\/div>\n<div class=\"gmail_quote\" style=\"font-weight: normal; color: #222222;\"><\/div>\n<div class=\"gmail_quote\" style=\"font-weight: normal; color: #222222;\"><b>Dia 30 de setembre a \u00c0gora (Reina Cristina, 34 Palma), a les 19 hores.\u00a0<\/b><\/div>\n<p><b><a href=\"http:\/\/www.memoriadelesilles.org\/wordpress\/wp-content\/uploads\/2016\/09\/IMG-20160915-WA0001.jpg\"><img loading=\"lazy\" decoding=\"async\" class=\"alignnone size-large wp-image-6171\" src=\"http:\/\/www.memoriadelesilles.org\/wordpress\/wp-content\/uploads\/2016\/09\/IMG-20160915-WA0001-723x1024.jpg\" alt=\"img-20160915-wa0001\" width=\"584\" height=\"827\" \/><\/a><\/b><\/p>\n","protected":false},"excerpt":{"rendered":"<p>Homenatge als lluitadors antifeixistes: Jos\u00e9 Humberto Baena, Jos\u00e9 Luis S\u00e1nchez Bravo, Ram\u00f3n Grac\u00eda Sanz, Juan Paredes Manot (Txiki) i \u00c1ngel &hellip; <a class=\"more-link\" href=\"https:\/\/memoriadelesilles.org\/wordpress\/2016\/09\/21\/homenatge-als-lluitadors-antifeixistes\/\">M\u00e9s<\/a><\/p>\n","protected":false},"author":1,"featured_media":0,"comment_status":"closed","ping_status":"closed","sticky":false,"template":"","format":"standard","meta":{"footnotes":""},"categories":[2,1],"tags":[],"class_list":["post-6170","post","type-post","status-publish","format-standard","hentry","category-noticies","category-uncategorized",""],"_links":{"self":[{"href":"https:\/\/memoriadelesilles.org\/wordpress\/wp-json\/wp\/v2\/posts\/6170","targetHints":{"allow":["GET"]}}],"collection":[{"href":"https:\/\/memoriadelesilles.org\/wordpress\/wp-json\/wp\/v2\/posts"}],"about":[{"href":"https:\/\/memoriadelesilles.org\/wordpress\/wp-json\/wp\/v2\/types\/post"}],"author":[{"embeddable":true,"href":"https:\/\/memoriadelesilles.org\/wordpress\/wp-json\/wp\/v2\/users\/1"}],"replies":[{"embeddable":true,"href":"https:\/\/memoriadelesilles.org\/wordpress\/wp-json\/wp\/v2\/comments?post=6170"}],"version-history":[{"count":0,"href":"https:\/\/memoriadelesilles.org\/wordpress\/wp-json\/wp\/v2\/posts\/6170\/revisions"}],"wp:attachment":[{"href":"https:\/\/memoriadelesilles.org\/wordpress\/wp-json\/wp\/v2\/media?parent=6170"}],"wp:term":[{"taxonomy":"category","embeddable":true,"href":"https:\/\/memoriadelesilles.org\/wordpress\/wp-json\/wp\/v2\/categories?post=6170"},{"taxonomy":"post_tag","embeddable":true,"href":"https:\/\/memoriadelesilles.org\/wordpress\/wp-json\/wp\/v2\/tags?post=6170"}],"curies":[{"name":"wp","href":"https:\/\/api.w.org\/{rel}","templated":true}]}}