{"id":6166,"date":"2016-09-16T21:28:03","date_gmt":"2016-09-16T21:28:03","guid":{"rendered":"http:\/\/www.memoriadelesilles.org\/wordpress\/?p=6166"},"modified":"2016-09-16T21:28:03","modified_gmt":"2016-09-16T21:28:03","slug":"acte-sobre-justicia-democratica","status":"publish","type":"post","link":"https:\/\/memoriadelesilles.org\/wordpress\/2016\/09\/16\/acte-sobre-justicia-democratica\/","title":{"rendered":"Acte sobre Just\u00edcia Democr\u00e0tica"},"content":{"rendered":"<div style=\"font-weight: normal; color: #222222;\">El dimecres dia 14 de setembre les dues fundacions organitzen un acte de reconeixement del paper de Just\u00edcia Democr\u00e0tica i a la seva participaci\u00f3 en la lluita antifranquista. Es far\u00e0 al Club Diario de Mallorca a les 19,00h. Tamb\u00e9 es presentar\u00e0 el llibre &#8220;Los jueces contra el franquismo&#8221; de Pilar D\u00edaz S\u00e1nchez.<\/div>\n<div style=\"font-weight: normal; color: #222222;\"><\/div>\n<div style=\"font-weight: normal; color: #222222;\">La lluita democr\u00e0tica dintre de l&#8217;aparell de just\u00edcia no acab\u00e0 amb la nova Constituci\u00f3 espanyola. M\u00e9s b\u00e9 al contrari. Per\u00f2 res seria entenedor sense els precedents i els continuadors, d&#8217;aquest fort moviment sorgit dintre de les pr\u00f2pies entranyes de l&#8217;aparell judicial del franquisme.<\/div>\n<div style=\"font-weight: normal; color: #222222;\"><\/div>\n<div style=\"font-weight: normal; color: #222222;\"><a href=\"http:\/\/www.memoriadelesilles.org\/wordpress\/wp-content\/uploads\/2016\/09\/PRESENTACIO-JD.jpg\"><img loading=\"lazy\" decoding=\"async\" class=\"alignnone size-large wp-image-6167\" src=\"http:\/\/www.memoriadelesilles.org\/wordpress\/wp-content\/uploads\/2016\/09\/PRESENTACIO-JD-1024x487.jpg\" alt=\"presentacio-jd\" width=\"584\" height=\"277\" \/><\/a><\/div>\n","protected":false},"excerpt":{"rendered":"<p>El dimecres dia 14 de setembre les dues fundacions organitzen un acte de reconeixement del paper de Just\u00edcia Democr\u00e0tica i &hellip; <a class=\"more-link\" href=\"https:\/\/memoriadelesilles.org\/wordpress\/2016\/09\/16\/acte-sobre-justicia-democratica\/\">M\u00e9s<\/a><\/p>\n","protected":false},"author":1,"featured_media":0,"comment_status":"closed","ping_status":"closed","sticky":false,"template":"","format":"standard","meta":{"footnotes":""},"categories":[2,1],"tags":[],"class_list":["post-6166","post","type-post","status-publish","format-standard","hentry","category-noticies","category-uncategorized",""],"_links":{"self":[{"href":"https:\/\/memoriadelesilles.org\/wordpress\/wp-json\/wp\/v2\/posts\/6166","targetHints":{"allow":["GET"]}}],"collection":[{"href":"https:\/\/memoriadelesilles.org\/wordpress\/wp-json\/wp\/v2\/posts"}],"about":[{"href":"https:\/\/memoriadelesilles.org\/wordpress\/wp-json\/wp\/v2\/types\/post"}],"author":[{"embeddable":true,"href":"https:\/\/memoriadelesilles.org\/wordpress\/wp-json\/wp\/v2\/users\/1"}],"replies":[{"embeddable":true,"href":"https:\/\/memoriadelesilles.org\/wordpress\/wp-json\/wp\/v2\/comments?post=6166"}],"version-history":[{"count":0,"href":"https:\/\/memoriadelesilles.org\/wordpress\/wp-json\/wp\/v2\/posts\/6166\/revisions"}],"wp:attachment":[{"href":"https:\/\/memoriadelesilles.org\/wordpress\/wp-json\/wp\/v2\/media?parent=6166"}],"wp:term":[{"taxonomy":"category","embeddable":true,"href":"https:\/\/memoriadelesilles.org\/wordpress\/wp-json\/wp\/v2\/categories?post=6166"},{"taxonomy":"post_tag","embeddable":true,"href":"https:\/\/memoriadelesilles.org\/wordpress\/wp-json\/wp\/v2\/tags?post=6166"}],"curies":[{"name":"wp","href":"https:\/\/api.w.org\/{rel}","templated":true}]}}