{"id":6164,"date":"2016-09-16T21:26:37","date_gmt":"2016-09-16T21:26:37","guid":{"rendered":"http:\/\/www.memoriadelesilles.org\/wordpress\/?p=6164"},"modified":"2016-09-16T21:26:37","modified_gmt":"2016-09-16T21:26:37","slug":"estrena-del-documental-bayo-el-desembarcament-a-porto-cristo","status":"publish","type":"post","link":"https:\/\/memoriadelesilles.org\/wordpress\/2016\/09\/16\/estrena-del-documental-bayo-el-desembarcament-a-porto-cristo\/","title":{"rendered":"Estrena del documental &#8220;Bayo, el desembarcament a Porto Cristo&#8221;"},"content":{"rendered":"<p>Dem\u00e0 dissabte, 17 de setembre, a les 21:40 hores, IB3 estrena el documental &#8220;Bayo, el desembarcament a Porto Cristo&#8221;.<br \/>\nAqu\u00ed teniu un enlla\u00e7 amb m\u00e9s informaci\u00f3:<\/p>\n<blockquote data-secret=\"NUPAiqR3qC\" class=\"wp-embedded-content\"><p><a href=\"http:\/\/ib3tv.com\/20160916_249698-documental-bayo-el-desembarcament-a-porto-cristo.html\">DOCUMENTAL: Bayo, el desembarcament a Porto Cristo<\/a><\/p><\/blockquote>\n<p><iframe loading=\"lazy\" class=\"wp-embedded-content\" sandbox=\"allow-scripts\" security=\"restricted\" style=\"position: absolute; clip: rect(1px, 1px, 1px, 1px);\" src=\"http:\/\/ib3tv.com\/20160916_249698-documental-bayo-el-desembarcament-a-porto-cristo.html\/embed#?secret=NUPAiqR3qC\" data-secret=\"NUPAiqR3qC\" width=\"600\" height=\"338\" title=\"&#8220;DOCUMENTAL: Bayo, el desembarcament a Porto Cristo&#8221; &#8212; IB3 La Radiotelevisi\u00f3 de les Illes Balears\" frameborder=\"0\" marginwidth=\"0\" marginheight=\"0\" scrolling=\"no\"><\/iframe><\/p>\n","protected":false},"excerpt":{"rendered":"<p>Dem\u00e0 dissabte, 17 de setembre, a les 21:40 hores, IB3 estrena el documental &#8220;Bayo, el desembarcament a Porto Cristo&#8221;. Aqu\u00ed &hellip; <a class=\"more-link\" href=\"https:\/\/memoriadelesilles.org\/wordpress\/2016\/09\/16\/estrena-del-documental-bayo-el-desembarcament-a-porto-cristo\/\">M\u00e9s<\/a><\/p>\n","protected":false},"author":1,"featured_media":0,"comment_status":"closed","ping_status":"closed","sticky":false,"template":"","format":"standard","meta":{"footnotes":""},"categories":[2,1],"tags":[],"class_list":["post-6164","post","type-post","status-publish","format-standard","hentry","category-noticies","category-uncategorized",""],"_links":{"self":[{"href":"https:\/\/memoriadelesilles.org\/wordpress\/wp-json\/wp\/v2\/posts\/6164","targetHints":{"allow":["GET"]}}],"collection":[{"href":"https:\/\/memoriadelesilles.org\/wordpress\/wp-json\/wp\/v2\/posts"}],"about":[{"href":"https:\/\/memoriadelesilles.org\/wordpress\/wp-json\/wp\/v2\/types\/post"}],"author":[{"embeddable":true,"href":"https:\/\/memoriadelesilles.org\/wordpress\/wp-json\/wp\/v2\/users\/1"}],"replies":[{"embeddable":true,"href":"https:\/\/memoriadelesilles.org\/wordpress\/wp-json\/wp\/v2\/comments?post=6164"}],"version-history":[{"count":0,"href":"https:\/\/memoriadelesilles.org\/wordpress\/wp-json\/wp\/v2\/posts\/6164\/revisions"}],"wp:attachment":[{"href":"https:\/\/memoriadelesilles.org\/wordpress\/wp-json\/wp\/v2\/media?parent=6164"}],"wp:term":[{"taxonomy":"category","embeddable":true,"href":"https:\/\/memoriadelesilles.org\/wordpress\/wp-json\/wp\/v2\/categories?post=6164"},{"taxonomy":"post_tag","embeddable":true,"href":"https:\/\/memoriadelesilles.org\/wordpress\/wp-json\/wp\/v2\/tags?post=6164"}],"curies":[{"name":"wp","href":"https:\/\/api.w.org\/{rel}","templated":true}]}}