{"id":6157,"date":"2016-08-12T20:16:49","date_gmt":"2016-08-12T20:16:49","guid":{"rendered":"http:\/\/www.memoriadelesilles.org\/wordpress\/?p=6157"},"modified":"2016-08-12T20:16:49","modified_gmt":"2016-08-12T20:16:49","slug":"homenatge-als-porrerencs-afusellats-durant-la-guerra-civil","status":"publish","type":"post","link":"https:\/\/memoriadelesilles.org\/wordpress\/2016\/08\/12\/homenatge-als-porrerencs-afusellats-durant-la-guerra-civil\/","title":{"rendered":"Homenatge als porrerencs afusellats durant la Guerra Civil"},"content":{"rendered":"<p><span style=\"font-weight: normal; color: #222222;\">L&#8217;acte s&#8217;emmarca dins el calendari de festes de Sant Roc 2016 i es dur\u00e0 a terme al Pati de Ca&#8217;ls Hermanos (Carrer d&#8217;en Llu\u00eds n\u00ba27) a les 18h. All\u00e0, a part de comptar amb les breus actuacions musicals de Vers Endins i Sang de Terra, recordarem les vides dels 14 porrerencs que passaren la nit del 16 al 16 d&#8217;agost de 1936 (enguany, 80\u00e8 aniversari) en aquest indret, abans de ser traslladats a Manacor per ser afusellats a mans dels falangistes i dem\u00e9s sollevats.<\/span><\/p>\n<p>Enguany es compliran 80 anys de l&#8217;assassinat dels 14 porrerencs que el vespre de dia 15 a dia 16 d&#8217;agost de 1936 foren retinguts al Pati de l&#8217;Escola de Ca&#8217;ls Hermanos amb l&#8217;excusa de mantenir-los controlats davant el Desembarcament de les tropes de milicians i milicianes de la Rep\u00fablica a Portocristo d&#8217;aquell mateix dia. El seu dest\u00ed, per\u00f2, els condu\u00ed cap a Manacor acompanyats de falangistes, on foren assassinats per aquests darrers en un dels per\u00edodes de m\u00e0xima repressi\u00f3 durant la Guerra a Mallorca. En homenatge a ells, i tamb\u00e9 als altres 16 porrerencs o ve\u00efnats de Porreres que foren assassinats en altres circumst\u00e0ncies, volem fer aquest acte. Per aix\u00f2 comptarem amb la col\u00b7laboraci\u00f3 de l&#8217;historiador Bartomeu Gar\u00ed, i tamb\u00e9 de la m\u00fasica dels grups Vers Endins i Col\u00b7lectiu Sang de Terra. Volem donar les gr\u00e0cies tamb\u00e9 al Col\u00b7legi Verge de Monti-sion per permetre&#8217;ns tornar a entrar a Ca&#8217;ls Hermanos per a dur a terme aquest acte, com ja v\u00e0rem fer amb \u00e8xit l&#8217;any passat.<\/p>\n<p><a href=\"http:\/\/www.memoriadelesilles.org\/wordpress\/wp-content\/uploads\/2016\/08\/13669546_1233862543315058_3643200797851203856_o.jpg\"><img loading=\"lazy\" decoding=\"async\" class=\"alignnone size-large wp-image-6158\" src=\"http:\/\/www.memoriadelesilles.org\/wordpress\/wp-content\/uploads\/2016\/08\/13669546_1233862543315058_3643200797851203856_o-1024x674.jpg\" alt=\"13669546_1233862543315058_3643200797851203856_o\" width=\"584\" height=\"384\" \/><\/a><\/p>\n<p><span style=\"font-weight: normal; color: #4b4f56;\">Vos hi esperam!<\/span><\/p>\n","protected":false},"excerpt":{"rendered":"<p>L&#8217;acte s&#8217;emmarca dins el calendari de festes de Sant Roc 2016 i es dur\u00e0 a terme al Pati de Ca&#8217;ls &hellip; <a class=\"more-link\" href=\"https:\/\/memoriadelesilles.org\/wordpress\/2016\/08\/12\/homenatge-als-porrerencs-afusellats-durant-la-guerra-civil\/\">M\u00e9s<\/a><\/p>\n","protected":false},"author":1,"featured_media":0,"comment_status":"closed","ping_status":"closed","sticky":false,"template":"","format":"standard","meta":{"footnotes":""},"categories":[2,1],"tags":[],"class_list":["post-6157","post","type-post","status-publish","format-standard","hentry","category-noticies","category-uncategorized",""],"_links":{"self":[{"href":"https:\/\/memoriadelesilles.org\/wordpress\/wp-json\/wp\/v2\/posts\/6157","targetHints":{"allow":["GET"]}}],"collection":[{"href":"https:\/\/memoriadelesilles.org\/wordpress\/wp-json\/wp\/v2\/posts"}],"about":[{"href":"https:\/\/memoriadelesilles.org\/wordpress\/wp-json\/wp\/v2\/types\/post"}],"author":[{"embeddable":true,"href":"https:\/\/memoriadelesilles.org\/wordpress\/wp-json\/wp\/v2\/users\/1"}],"replies":[{"embeddable":true,"href":"https:\/\/memoriadelesilles.org\/wordpress\/wp-json\/wp\/v2\/comments?post=6157"}],"version-history":[{"count":0,"href":"https:\/\/memoriadelesilles.org\/wordpress\/wp-json\/wp\/v2\/posts\/6157\/revisions"}],"wp:attachment":[{"href":"https:\/\/memoriadelesilles.org\/wordpress\/wp-json\/wp\/v2\/media?parent=6157"}],"wp:term":[{"taxonomy":"category","embeddable":true,"href":"https:\/\/memoriadelesilles.org\/wordpress\/wp-json\/wp\/v2\/categories?post=6157"},{"taxonomy":"post_tag","embeddable":true,"href":"https:\/\/memoriadelesilles.org\/wordpress\/wp-json\/wp\/v2\/tags?post=6157"}],"curies":[{"name":"wp","href":"https:\/\/api.w.org\/{rel}","templated":true}]}}