{"id":6153,"date":"2016-08-04T21:48:59","date_gmt":"2016-08-04T21:48:59","guid":{"rendered":"http:\/\/www.memoriadelesilles.org\/wordpress\/?p=6153"},"modified":"2016-08-04T21:48:59","modified_gmt":"2016-08-04T21:48:59","slug":"concentracio-veritat-justicia-i-reparacio-2","status":"publish","type":"post","link":"https:\/\/memoriadelesilles.org\/wordpress\/2016\/08\/04\/concentracio-veritat-justicia-i-reparacio-2\/","title":{"rendered":"Concentraci\u00f3 Veritat, Just\u00edcia i Reparaci\u00f3"},"content":{"rendered":"<p>Amigues i amics, com cada primer dissabte de mes , el proper dia 6 d&#8217; Agost ens concentrarem a les 12h a la Pla\u00e7a de l&#8217;Olivar per seguir demanant <a href=\"http:\/\/www.memoriadelesilles.org\/wordpress\/wp-content\/uploads\/2016\/08\/facebook_1470264839155.jpg\"><img loading=\"lazy\" decoding=\"async\" class=\"alignnone size-full wp-image-6154\" src=\"http:\/\/www.memoriadelesilles.org\/wordpress\/wp-content\/uploads\/2016\/08\/facebook_1470264839155.jpg\" alt=\"facebook_1470264839155\" width=\"480\" height=\"679\" \/><\/a>per a les v\u00edctimes del franquisme.<\/p>\n<p>Vos hi esperam.<\/p>\n","protected":false},"excerpt":{"rendered":"<p>Amigues i amics, com cada primer dissabte de mes , el proper dia 6 d&#8217; Agost ens concentrarem a les &hellip; <a class=\"more-link\" href=\"https:\/\/memoriadelesilles.org\/wordpress\/2016\/08\/04\/concentracio-veritat-justicia-i-reparacio-2\/\">M\u00e9s<\/a><\/p>\n","protected":false},"author":1,"featured_media":0,"comment_status":"closed","ping_status":"closed","sticky":false,"template":"","format":"standard","meta":{"footnotes":""},"categories":[2,1],"tags":[],"class_list":["post-6153","post","type-post","status-publish","format-standard","hentry","category-noticies","category-uncategorized",""],"_links":{"self":[{"href":"https:\/\/memoriadelesilles.org\/wordpress\/wp-json\/wp\/v2\/posts\/6153","targetHints":{"allow":["GET"]}}],"collection":[{"href":"https:\/\/memoriadelesilles.org\/wordpress\/wp-json\/wp\/v2\/posts"}],"about":[{"href":"https:\/\/memoriadelesilles.org\/wordpress\/wp-json\/wp\/v2\/types\/post"}],"author":[{"embeddable":true,"href":"https:\/\/memoriadelesilles.org\/wordpress\/wp-json\/wp\/v2\/users\/1"}],"replies":[{"embeddable":true,"href":"https:\/\/memoriadelesilles.org\/wordpress\/wp-json\/wp\/v2\/comments?post=6153"}],"version-history":[{"count":0,"href":"https:\/\/memoriadelesilles.org\/wordpress\/wp-json\/wp\/v2\/posts\/6153\/revisions"}],"wp:attachment":[{"href":"https:\/\/memoriadelesilles.org\/wordpress\/wp-json\/wp\/v2\/media?parent=6153"}],"wp:term":[{"taxonomy":"category","embeddable":true,"href":"https:\/\/memoriadelesilles.org\/wordpress\/wp-json\/wp\/v2\/categories?post=6153"},{"taxonomy":"post_tag","embeddable":true,"href":"https:\/\/memoriadelesilles.org\/wordpress\/wp-json\/wp\/v2\/tags?post=6153"}],"curies":[{"name":"wp","href":"https:\/\/api.w.org\/{rel}","templated":true}]}}