{"id":6149,"date":"2016-07-24T07:34:45","date_gmt":"2016-07-24T07:34:45","guid":{"rendered":"http:\/\/www.memoriadelesilles.org\/wordpress\/?p=6149"},"modified":"2016-07-24T07:34:45","modified_gmt":"2016-07-24T07:34:45","slug":"presentacio-del-llibre-la-historia-silenciada-calvia-i-es-capdella","status":"publish","type":"post","link":"https:\/\/memoriadelesilles.org\/wordpress\/2016\/07\/24\/presentacio-del-llibre-la-historia-silenciada-calvia-i-es-capdella\/","title":{"rendered":"Presentaci\u00f3 del llibre &#8220;La Hist\u00f2ria Silenciada. Calvi\u00e0 i Es Capdell\u00e0&#8221;"},"content":{"rendered":"<p>Presentaci\u00f3 del llibre de Manel Su\u00e1rez &#8220;La Hist\u00f2ria Silenciada. Calvi\u00e0 i Es Capdell\u00e0 1936&#8221;.<br \/>\nEs Capdell\u00e0, el proper dimarts, dia 26 juliol, a les 20 hores.<\/p>\n<p><a href=\"http:\/\/www.memoriadelesilles.org\/wordpress\/wp-content\/uploads\/2016\/07\/IMG-20160723-WA0003.jpg\"><img loading=\"lazy\" decoding=\"async\" class=\"alignnone size-full wp-image-6150\" src=\"http:\/\/www.memoriadelesilles.org\/wordpress\/wp-content\/uploads\/2016\/07\/IMG-20160723-WA0003.jpg\" alt=\"IMG-20160723-WA0003\" width=\"480\" height=\"854\" \/><\/a><\/p>\n","protected":false},"excerpt":{"rendered":"<p>Presentaci\u00f3 del llibre de Manel Su\u00e1rez &#8220;La Hist\u00f2ria Silenciada. Calvi\u00e0 i Es Capdell\u00e0 1936&#8221;. Es Capdell\u00e0, el proper dimarts, dia &hellip; <a class=\"more-link\" href=\"https:\/\/memoriadelesilles.org\/wordpress\/2016\/07\/24\/presentacio-del-llibre-la-historia-silenciada-calvia-i-es-capdella\/\">M\u00e9s<\/a><\/p>\n","protected":false},"author":1,"featured_media":0,"comment_status":"closed","ping_status":"closed","sticky":false,"template":"","format":"standard","meta":{"footnotes":""},"categories":[2,1],"tags":[],"class_list":["post-6149","post","type-post","status-publish","format-standard","hentry","category-noticies","category-uncategorized",""],"_links":{"self":[{"href":"https:\/\/memoriadelesilles.org\/wordpress\/wp-json\/wp\/v2\/posts\/6149","targetHints":{"allow":["GET"]}}],"collection":[{"href":"https:\/\/memoriadelesilles.org\/wordpress\/wp-json\/wp\/v2\/posts"}],"about":[{"href":"https:\/\/memoriadelesilles.org\/wordpress\/wp-json\/wp\/v2\/types\/post"}],"author":[{"embeddable":true,"href":"https:\/\/memoriadelesilles.org\/wordpress\/wp-json\/wp\/v2\/users\/1"}],"replies":[{"embeddable":true,"href":"https:\/\/memoriadelesilles.org\/wordpress\/wp-json\/wp\/v2\/comments?post=6149"}],"version-history":[{"count":0,"href":"https:\/\/memoriadelesilles.org\/wordpress\/wp-json\/wp\/v2\/posts\/6149\/revisions"}],"wp:attachment":[{"href":"https:\/\/memoriadelesilles.org\/wordpress\/wp-json\/wp\/v2\/media?parent=6149"}],"wp:term":[{"taxonomy":"category","embeddable":true,"href":"https:\/\/memoriadelesilles.org\/wordpress\/wp-json\/wp\/v2\/categories?post=6149"},{"taxonomy":"post_tag","embeddable":true,"href":"https:\/\/memoriadelesilles.org\/wordpress\/wp-json\/wp\/v2\/tags?post=6149"}],"curies":[{"name":"wp","href":"https:\/\/api.w.org\/{rel}","templated":true}]}}