{"id":6143,"date":"2016-07-24T07:31:37","date_gmt":"2016-07-24T07:31:37","guid":{"rendered":"http:\/\/www.memoriadelesilles.org\/wordpress\/?p=6143"},"modified":"2016-07-24T07:31:37","modified_gmt":"2016-07-24T07:31:37","slug":"premi-a-mdm-de-lassociacio-cultural-fent-carrerany","status":"publish","type":"post","link":"https:\/\/memoriadelesilles.org\/wordpress\/2016\/07\/24\/premi-a-mdm-de-lassociacio-cultural-fent-carrerany\/","title":{"rendered":"Premi a MDM de l&#8217;Associaci\u00f3 Cultural Fent Carrerany"},"content":{"rendered":"<p>L&#8217;Associaci\u00f3 Cultural Fent Carrerany de Maria de la Salut, que des de fa trenta anys edita mensualment la revista que du aquest mateix nom, han celebrat enguany el 30\u00e8 aniversari de l&#8217;aparici\u00f3 del primer n\u00famero i ens han atorgat el un reconeixemanet per contribuir a dignificar la vida dels ve\u00efnats de Maria, concretament per l&#8217;empenta i feina per aconseguir l&#8217;obertura de la Fossa de Sant Joan i que les restes dels tres mariandos v\u00edctimes de la barb\u00e0rie del 36, poguessin retornar a reposar entre els seus.<\/p>\n<p>En nom de MdM manifestam la nostra gratitud pel aquest reconeixament a l&#8217;Associaci\u00f3 Fent Carrerany i dedicam el premi a totes les v\u00edctimes del feixisme i a les seves fam\u00edlies. <\/p>\n<p><a href=\"http:\/\/www.memoriadelesilles.org\/wordpress\/wp-content\/uploads\/2016\/07\/DSC_0087.jpg\"><img loading=\"lazy\" decoding=\"async\" src=\"http:\/\/www.memoriadelesilles.org\/wordpress\/wp-content\/uploads\/2016\/07\/DSC_0087.jpg\" alt=\"DSC_0087\" width=\"720\" height=\"480\" class=\"alignnone size-full wp-image-6144\" \/><\/a><\/p>\n<p><a href=\"http:\/\/www.memoriadelesilles.org\/wordpress\/wp-content\/uploads\/2016\/07\/DSC_0092.jpg\"><img loading=\"lazy\" decoding=\"async\" src=\"http:\/\/www.memoriadelesilles.org\/wordpress\/wp-content\/uploads\/2016\/07\/DSC_0092.jpg\" alt=\"DSC_0092\" width=\"584\" height=\"389\" class=\"alignnone size-large wp-image-6145\" \/><\/a><\/p>\n<p><a href=\"http:\/\/www.memoriadelesilles.org\/wordpress\/wp-content\/uploads\/2016\/07\/DSC_0074.jpg\"><img loading=\"lazy\" decoding=\"async\" src=\"http:\/\/www.memoriadelesilles.org\/wordpress\/wp-content\/uploads\/2016\/07\/DSC_0074.jpg\" alt=\"DSC_0074\" width=\"584\" height=\"389\" class=\"alignnone size-large wp-image-6146\" \/><\/a><\/p>\n<p><a href=\"http:\/\/www.memoriadelesilles.org\/wordpress\/wp-content\/uploads\/2016\/07\/DSC_0031.jpg\"><img loading=\"lazy\" decoding=\"async\" src=\"http:\/\/www.memoriadelesilles.org\/wordpress\/wp-content\/uploads\/2016\/07\/DSC_0031.jpg\" alt=\"DSC_0031\" width=\"584\" height=\"389\" class=\"alignnone size-large wp-image-6147\" \/><\/a><\/p>\n","protected":false},"excerpt":{"rendered":"<p>L&#8217;Associaci\u00f3 Cultural Fent Carrerany de Maria de la Salut, que des de fa trenta anys edita mensualment la revista que &hellip; <a class=\"more-link\" href=\"https:\/\/memoriadelesilles.org\/wordpress\/2016\/07\/24\/premi-a-mdm-de-lassociacio-cultural-fent-carrerany\/\">M\u00e9s<\/a><\/p>\n","protected":false},"author":1,"featured_media":0,"comment_status":"closed","ping_status":"closed","sticky":false,"template":"","format":"standard","meta":{"footnotes":""},"categories":[2,1],"tags":[],"class_list":["post-6143","post","type-post","status-publish","format-standard","hentry","category-noticies","category-uncategorized",""],"_links":{"self":[{"href":"https:\/\/memoriadelesilles.org\/wordpress\/wp-json\/wp\/v2\/posts\/6143","targetHints":{"allow":["GET"]}}],"collection":[{"href":"https:\/\/memoriadelesilles.org\/wordpress\/wp-json\/wp\/v2\/posts"}],"about":[{"href":"https:\/\/memoriadelesilles.org\/wordpress\/wp-json\/wp\/v2\/types\/post"}],"author":[{"embeddable":true,"href":"https:\/\/memoriadelesilles.org\/wordpress\/wp-json\/wp\/v2\/users\/1"}],"replies":[{"embeddable":true,"href":"https:\/\/memoriadelesilles.org\/wordpress\/wp-json\/wp\/v2\/comments?post=6143"}],"version-history":[{"count":0,"href":"https:\/\/memoriadelesilles.org\/wordpress\/wp-json\/wp\/v2\/posts\/6143\/revisions"}],"wp:attachment":[{"href":"https:\/\/memoriadelesilles.org\/wordpress\/wp-json\/wp\/v2\/media?parent=6143"}],"wp:term":[{"taxonomy":"category","embeddable":true,"href":"https:\/\/memoriadelesilles.org\/wordpress\/wp-json\/wp\/v2\/categories?post=6143"},{"taxonomy":"post_tag","embeddable":true,"href":"https:\/\/memoriadelesilles.org\/wordpress\/wp-json\/wp\/v2\/tags?post=6143"}],"curies":[{"name":"wp","href":"https:\/\/api.w.org\/{rel}","templated":true}]}}