{"id":6140,"date":"2016-07-17T23:32:49","date_gmt":"2016-07-17T23:32:49","guid":{"rendered":"http:\/\/www.memoriadelesilles.org\/wordpress\/?p=6140"},"modified":"2016-07-17T23:32:49","modified_gmt":"2016-07-17T23:32:49","slug":"presentacio-de-lassemblea-ciutadana-sa-feixina-si-que-tomba","status":"publish","type":"post","link":"https:\/\/memoriadelesilles.org\/wordpress\/2016\/07\/17\/presentacio-de-lassemblea-ciutadana-sa-feixina-si-que-tomba\/","title":{"rendered":"Presentaci\u00f3 de l\u00a1Assemblea Ciutadana \u201cSa Feixina Si que Tomba\u201d"},"content":{"rendered":"<p>El proper dilluns, 18 de juliol, a les 12 hores, davant el monument feixista \u201cBaleares\u201d, ubicat a sa Pla\u00e7a de Sa Feixina de Palma, presentarem  p\u00fablicament i davant els mitjans de comunicaci\u00f3, l\u2019Assemblea Ciutadana \u201cSa Feixina Si que Tomba\u201d, una agrupaci\u00f3 de entitats, organitzacions i particulars que donam suport a l\u2019enderrocament del monument feixista (adjunt trobareu la relaci\u00f3 d\u2019entitats adherides a dia d\u2019avui). Vos animam a participar a la presentaci\u00f3 amb la vostra assist\u00e8ncia, aix\u00ed com tamb\u00e9 a adherir-vos a l\u2019Assemblea a trav\u00e9s del correu safeixinasiquetomba16@gmail.com , com a particulars i\/o com a entitats.<\/p>\n<p>Aprofitant, el 18 de juliol, dia internacional de condemna del franquisme declarat pel Consell de Europa l\u2019any 2006, volem denunciar p\u00fablicament la vergonya de mantenir en peu el segon monument franquista m\u00e9s important de l\u2019Estat Espanyol i de dilatar el proc\u00e9s per la seva demolici\u00f3.<\/p>\n","protected":false},"excerpt":{"rendered":"<p>El proper dilluns, 18 de juliol, a les 12 hores, davant el monument feixista \u201cBaleares\u201d, ubicat a sa Pla\u00e7a de &hellip; <a class=\"more-link\" href=\"https:\/\/memoriadelesilles.org\/wordpress\/2016\/07\/17\/presentacio-de-lassemblea-ciutadana-sa-feixina-si-que-tomba\/\">M\u00e9s<\/a><\/p>\n","protected":false},"author":1,"featured_media":0,"comment_status":"closed","ping_status":"closed","sticky":false,"template":"","format":"standard","meta":{"footnotes":""},"categories":[2,1],"tags":[],"class_list":["post-6140","post","type-post","status-publish","format-standard","hentry","category-noticies","category-uncategorized",""],"_links":{"self":[{"href":"https:\/\/memoriadelesilles.org\/wordpress\/wp-json\/wp\/v2\/posts\/6140","targetHints":{"allow":["GET"]}}],"collection":[{"href":"https:\/\/memoriadelesilles.org\/wordpress\/wp-json\/wp\/v2\/posts"}],"about":[{"href":"https:\/\/memoriadelesilles.org\/wordpress\/wp-json\/wp\/v2\/types\/post"}],"author":[{"embeddable":true,"href":"https:\/\/memoriadelesilles.org\/wordpress\/wp-json\/wp\/v2\/users\/1"}],"replies":[{"embeddable":true,"href":"https:\/\/memoriadelesilles.org\/wordpress\/wp-json\/wp\/v2\/comments?post=6140"}],"version-history":[{"count":0,"href":"https:\/\/memoriadelesilles.org\/wordpress\/wp-json\/wp\/v2\/posts\/6140\/revisions"}],"wp:attachment":[{"href":"https:\/\/memoriadelesilles.org\/wordpress\/wp-json\/wp\/v2\/media?parent=6140"}],"wp:term":[{"taxonomy":"category","embeddable":true,"href":"https:\/\/memoriadelesilles.org\/wordpress\/wp-json\/wp\/v2\/categories?post=6140"},{"taxonomy":"post_tag","embeddable":true,"href":"https:\/\/memoriadelesilles.org\/wordpress\/wp-json\/wp\/v2\/tags?post=6140"}],"curies":[{"name":"wp","href":"https:\/\/api.w.org\/{rel}","templated":true}]}}