{"id":6136,"date":"2016-04-01T07:02:44","date_gmt":"2016-04-01T07:02:44","guid":{"rendered":"http:\/\/www.memoriadelesilles.org\/wordpress\/?p=6136"},"modified":"2016-04-01T07:02:44","modified_gmt":"2016-04-01T07:02:44","slug":"agenda-dactes-abril-per-sa-repubica-2016","status":"publish","type":"post","link":"https:\/\/memoriadelesilles.org\/wordpress\/2016\/04\/01\/agenda-dactes-abril-per-sa-repubica-2016\/","title":{"rendered":"AGENDA D\u2019ACTES ABRIL PER SA REP\u00daBICA 2016"},"content":{"rendered":"<p><strong>7 ABRIL: <\/strong><br \/>\nBINISSALEM, 20 hores, Biblioteca Municipal de Binissalem, confer\u00e8ncia \u201cLa fossa de Porreres, la repressi\u00f3 amagada\u201d, a c\u00e0rrec de Tomeu Gar\u00ed. Organitza: Mem\u00f2ria de Binissalem. <\/p>\n<p><strong>8 ABRIL:<\/strong><br \/>\nPOLLEN\u00c7A,  20 hores, Ateneu de Pollen\u00e7a (Metge Sureda, 8, baixos),  confer\u00e8ncia \u201c Suborns i tretes a la pres\u00f3 de Can Mir\u201d , a c\u00e0rrec de Manel S\u00faarez. Organitza: Alternativa per Pollen\u00e7a, M\u00c9S,   Esquerra Republicana Pollen\u00e7a i Mem\u00f2ria de Mallorca<\/p>\n<p><strong>10 ABRIL: <\/strong><br \/>\nCALVI\u00c0, visites guiades a l\u2019emblem\u00e0tic espai calvianer SA SOCIETAT,  a c\u00e0rrec de Manel Su\u00e1rez, a les 11, 17 i 18 hores i la projecci\u00f3 posterior del resum de l\u2019obre de teatre \u201cAix\u00f2 no pot morir, s\u2019ha d\u2019obrir\u201d, a les 11\u201930, 17\u201930 i 18\u201930 hores. <\/p>\n<p><strong>14 ABRIL: <\/strong><br \/>\nMANACOR, 20 hores, al local de Roca ( Jaume II, 15) confer\u00e8ncia \u201c Suborns i tretes a la pres\u00f3 de Can Mir\u201d , a c\u00e0rrec de Manel S\u00faarez, amb projecci\u00f3 d\u2019un audiovisual. Organitza: el Comit\u00e8 de Son Coletes.<br \/>\nPALMA,  Pla\u00e7a de Cort, 19\u201930 hores \u201cVisca la Rep\u00fablica\u201d amb les intervencions de Biel Huguet i Silvia Tortell. Musica a c\u00e0rrec de Eul\u00e0lia Siquier i l\u2019amenitzaci\u00f3 de Aparicio. Presentaci\u00f3 a c\u00e0rrec de T\u00f2nia Oliver Paris. Organitza: UCXR<br \/>\nPOLLEN\u00c7A, 19 hores, Pla\u00e7a dels Seglars, \u201cHomenatge als republicans\u201d amb la intervenci\u00f3 de Tonina Mercadal. Organitza: Alternativa per Pollen\u00e7a, M\u00c9S,  Esquerra Republicana Pollen\u00e7a i Mem\u00f2ria de Mallorca<br \/>\nSANTA MARIA DEL CAM\u00cd, Cementiri Municipal, 18\u201930 hores \u201cHomenatge als assassinats republicans\u201d amb la intervenci\u00f3 de Mateu Morro i els xerremiers de Santa Maria. Organitza:  Mem\u00f2ria de Santa Maria. <\/p>\n<p><strong>15 ABRIL: <\/strong><br \/>\nART\u00c0, 20 hores, Sal\u00f3 d\u2019actes del Teatre d\u2019Art\u00e0, presentaci\u00f3 del llibre \u201cArt\u00e0, llarg cam\u00ed cap el desastre\u201d , amb Bartomeu Gili, Arnau Companys, Maria Isabel Silva, i l\u2019autor, Jaume Morey. Organitza: Ajuntament d\u2019Art\u00e0.<br \/>\nMANACOR, 20 hores, local de l\u2019OCB, projecci\u00f3 del Documental \u201c Mallorca 1936, d\u2019una illa hom no en pot fugir\u201d . Organitza: Comit\u00e8 de Son Coletes.<br \/>\nLLOSETA,  \u201c Suborns i tretes a la pres\u00f3 de Can Mir\u201d , a c\u00e0rrec del seu autor, Manel S\u00faarez. Organitza: M\u00e9s per Lloseta.<br \/>\nSANTA MARIA DEL CAM\u00cd, al Celler Sa Font, \u201cSopar Republic\u00e0\u201d , preu 15 euros, reserva al tel\u00e8fon 656402079. Organitza: Mem\u00f2ria de Santa Maria. <\/p>\n<p><strong>16 ABRIL:<\/strong><br \/>\nCALVI\u00c0, 19 hores, Bosc de la Mem\u00f2ria, \u201cHomenatge a les v\u00edctimes de la repressi\u00f3 franquista\u201d, amb torn obert de paraula i ofrena floral. Organitza: Mem\u00f2ria de Calvi\u00e0.<br \/>\nPORRERES, 12 hores, al Rac\u00f3 de la Mem\u00f2ria, \u201cActe institucional de recordan\u00e7a a les v\u00edctimes que lluitaren per la II Rep\u00fablica\u201d amb el parlament de David Ginard. Organitza: Comissi\u00f3 de la Mem\u00f2ria de l\u2019Ajuntament de Porreres.<br \/>\nPORRERES, a les 20 hores, al local de la Agrupaci\u00f3 Cultural, documental \u201cDel silenci, paraules, els darrers presos pol\u00edtics de les Illes Balears\u201d, amb la intervenci\u00f3 de Miquel L\u00f3pez Cresp\u00ed.  Organitza: Agrupaci\u00f3 Cultural. <\/p>\n<p><strong>17 ABRIL:<\/strong><br \/>\nMANACOR, 12 hores, Cementiri de Son Coletes, \u201c Acte de homenatge a les v\u00edctimes de la repressi\u00f3 feixista\u201d. Organitza: Comit\u00e8 de Son Coletes.<br \/>\nMONTU\u00cfRI, 12 hores, Cementiri Municipal, \u201cActe institucional de homenatge a les v\u00edctimes de la repressi\u00f3 feixista\u201d. Organitza: Ajuntament de Montu\u00efri\u201d <\/p>\n<p><strong>22 ABRIL: <\/strong><br \/>\nPOLLEN\u00c7A, 20 hores, a l\u2019Ateneu, documental \u201cEconomia col\u00b7lectiva, l\u2019\u00faltima revoluci\u00f3 d\u2019Europa\u201d . Organitza: Alternativa per Pollen\u00e7a, M\u00c9S,  Esquerra Republicana Pollen\u00e7a i Mem\u00f2ria de Mallorca.<br \/>\nPORRERES, 20 hores, Biblioteca Municipal, presentaci\u00f3 del llibre \u201cSuborns i tretes de Can Mir\u201d a c\u00e0rrec del seu autor Manel Su\u00e1rez, Tomeu Gar\u00ed i Lleonard Muntaner. Organitza: Comissi\u00f3 de la Mem\u00f2ria de l\u2019Ajuntament de Porreres, Mem\u00f2ria de Mallorca i Agrupaci\u00f3 Cultural. <\/p>\n<p><strong>23 ABRIL: <\/strong><br \/>\nPORRERES, 20 hores, Auditori Municipal, \u201cPorreres 1936\u201d, adaptaci\u00f3 teatral amb m\u00fasica en directe del llibre \u201cDesfilades de dia, afusellaments de nit\u201d de Tomeu Gar\u00ed. Organitza: Ajuntament de Porreres, Agrupaci\u00f3 Cultural, Auditori Municipal, Artisons Societat cooperativa , Assemblea Popular de Porreres, Fundaci\u00f3 Llu\u00eds Llach, Associaci\u00f3 Mem\u00f2ria de Mallorca. <\/p>\n<p><strong>24 ABRIL: <\/strong><br \/>\nPORRERES, 20 hores, Auditori Municipal, \u201cPorreres 1936\u201d, adaptaci\u00f3 teatral amb m\u00fasica en directe del llibre \u201cDesfilades de dia, afusellaments de nit\u201d de Tomeu Gar\u00ed. Organitza: Ajuntament de Porreres, Agrupaci\u00f3 Cultural, Auditori Municipal, Artisons Societat cooperativa, Assemblea Popular de Porreres, Fundaci\u00f3 Llu\u00eds Llach, Associaci\u00f3 Mem\u00f2ria de Mallorca. <\/p>\n","protected":false},"excerpt":{"rendered":"<p>7 ABRIL: BINISSALEM, 20 hores, Biblioteca Municipal de Binissalem, confer\u00e8ncia \u201cLa fossa de Porreres, la repressi\u00f3 amagada\u201d, a c\u00e0rrec de &hellip; <a class=\"more-link\" href=\"https:\/\/memoriadelesilles.org\/wordpress\/2016\/04\/01\/agenda-dactes-abril-per-sa-repubica-2016\/\">M\u00e9s<\/a><\/p>\n","protected":false},"author":1,"featured_media":0,"comment_status":"closed","ping_status":"closed","sticky":false,"template":"","format":"standard","meta":{"footnotes":""},"categories":[2,1],"tags":[],"class_list":["post-6136","post","type-post","status-publish","format-standard","hentry","category-noticies","category-uncategorized",""],"_links":{"self":[{"href":"https:\/\/memoriadelesilles.org\/wordpress\/wp-json\/wp\/v2\/posts\/6136","targetHints":{"allow":["GET"]}}],"collection":[{"href":"https:\/\/memoriadelesilles.org\/wordpress\/wp-json\/wp\/v2\/posts"}],"about":[{"href":"https:\/\/memoriadelesilles.org\/wordpress\/wp-json\/wp\/v2\/types\/post"}],"author":[{"embeddable":true,"href":"https:\/\/memoriadelesilles.org\/wordpress\/wp-json\/wp\/v2\/users\/1"}],"replies":[{"embeddable":true,"href":"https:\/\/memoriadelesilles.org\/wordpress\/wp-json\/wp\/v2\/comments?post=6136"}],"version-history":[{"count":0,"href":"https:\/\/memoriadelesilles.org\/wordpress\/wp-json\/wp\/v2\/posts\/6136\/revisions"}],"wp:attachment":[{"href":"https:\/\/memoriadelesilles.org\/wordpress\/wp-json\/wp\/v2\/media?parent=6136"}],"wp:term":[{"taxonomy":"category","embeddable":true,"href":"https:\/\/memoriadelesilles.org\/wordpress\/wp-json\/wp\/v2\/categories?post=6136"},{"taxonomy":"post_tag","embeddable":true,"href":"https:\/\/memoriadelesilles.org\/wordpress\/wp-json\/wp\/v2\/tags?post=6136"}],"curies":[{"name":"wp","href":"https:\/\/api.w.org\/{rel}","templated":true}]}}