{"id":6132,"date":"2016-04-20T06:36:52","date_gmt":"2016-04-20T06:36:52","guid":{"rendered":"http:\/\/www.memoriadelesilles.org\/wordpress\/?p=6132"},"modified":"2016-04-20T06:36:52","modified_gmt":"2016-04-20T06:36:52","slug":"revista-temps-de-la-memoria-37","status":"publish","type":"post","link":"https:\/\/memoriadelesilles.org\/wordpress\/2016\/04\/20\/revista-temps-de-la-memoria-37\/","title":{"rendered":"Revista temps de la mem\u00f2ria 37"},"content":{"rendered":"<p>Vos feim arribar el n\u00famero 37 de la nostra revista Temps de la Mem\u00f2ria.<\/p>\n<p>Esperam que els continguts siguin del vostre inter\u00e8s.<\/p>\n<p><a href=\"http:\/\/www.memoriadelesilles.org\/wordpress\/wp-content\/uploads\/2016\/04\/MdM-revista-37.pdf\">MdM revista 37<\/a><\/p>\n","protected":false},"excerpt":{"rendered":"<p>Vos feim arribar el n\u00famero 37 de la nostra revista Temps de la Mem\u00f2ria. Esperam que els continguts siguin del &hellip; <a class=\"more-link\" href=\"https:\/\/memoriadelesilles.org\/wordpress\/2016\/04\/20\/revista-temps-de-la-memoria-37\/\">M\u00e9s<\/a><\/p>\n","protected":false},"author":1,"featured_media":0,"comment_status":"closed","ping_status":"closed","sticky":false,"template":"","format":"standard","meta":{"footnotes":""},"categories":[2,1],"tags":[],"class_list":["post-6132","post","type-post","status-publish","format-standard","hentry","category-noticies","category-uncategorized",""],"_links":{"self":[{"href":"https:\/\/memoriadelesilles.org\/wordpress\/wp-json\/wp\/v2\/posts\/6132","targetHints":{"allow":["GET"]}}],"collection":[{"href":"https:\/\/memoriadelesilles.org\/wordpress\/wp-json\/wp\/v2\/posts"}],"about":[{"href":"https:\/\/memoriadelesilles.org\/wordpress\/wp-json\/wp\/v2\/types\/post"}],"author":[{"embeddable":true,"href":"https:\/\/memoriadelesilles.org\/wordpress\/wp-json\/wp\/v2\/users\/1"}],"replies":[{"embeddable":true,"href":"https:\/\/memoriadelesilles.org\/wordpress\/wp-json\/wp\/v2\/comments?post=6132"}],"version-history":[{"count":0,"href":"https:\/\/memoriadelesilles.org\/wordpress\/wp-json\/wp\/v2\/posts\/6132\/revisions"}],"wp:attachment":[{"href":"https:\/\/memoriadelesilles.org\/wordpress\/wp-json\/wp\/v2\/media?parent=6132"}],"wp:term":[{"taxonomy":"category","embeddable":true,"href":"https:\/\/memoriadelesilles.org\/wordpress\/wp-json\/wp\/v2\/categories?post=6132"},{"taxonomy":"post_tag","embeddable":true,"href":"https:\/\/memoriadelesilles.org\/wordpress\/wp-json\/wp\/v2\/tags?post=6132"}],"curies":[{"name":"wp","href":"https:\/\/api.w.org\/{rel}","templated":true}]}}