{"id":6128,"date":"2016-04-20T06:29:18","date_gmt":"2016-04-20T06:29:18","guid":{"rendered":"http:\/\/www.memoriadelesilles.org\/wordpress\/?p=6128"},"modified":"2016-04-20T06:29:18","modified_gmt":"2016-04-20T06:29:18","slug":"cap-de-setmana-porreres-actes-i-teatre-memoria-historica","status":"publish","type":"post","link":"https:\/\/memoriadelesilles.org\/wordpress\/2016\/04\/20\/cap-de-setmana-porreres-actes-i-teatre-memoria-historica\/","title":{"rendered":"CAP DE SETMANA PORRERES, ACTES I TEATRE MEM\u00d2RIA HIST\u00d2RICA"},"content":{"rendered":"<p>Divendres\u200b  \u200b22\u200b\u200b \u200bd&#8217;abril a les 20:00h\u200b, a la Biblioteca Municipal\u200b, pr\u200besentaci\u00f3 del llibre\u200b  \u200bSUBORNS I TRETES DE LA PRES\u00d3 DE CA&#8217;N MIR (1936-1941). NOVES APORTACIONS \u200bde \u200bManuel Su\u00e1rez Salv\u00e0. Intervindran: Manuel Su\u00e1rez, Bartomeu Gar\u00ed i Lleonard Muntaner. Organitza: Comissi\u00f3 de Mem\u00f2ria Hist\u00f2rica de l&#8217;Anjuntament de Porreres. Hi col\u00b7labora: Ajuntament de Porreres, Agrupaci\u00f3 Cultural de Porreres i Mem\u00f2ria de Mallorca.<\/p>\n<p><a href=\"http:\/\/www.memoriadelesilles.org\/wordpress\/wp-content\/uploads\/2016\/04\/IMG-20160419-WA0001.jpg\"><img loading=\"lazy\" decoding=\"async\" src=\"http:\/\/www.memoriadelesilles.org\/wordpress\/wp-content\/uploads\/2016\/04\/IMG-20160419-WA0001-1024x782.jpg\" alt=\"IMG-20160419-WA0001\" width=\"584\" height=\"445\" class=\"alignnone size-large wp-image-6129\" \/><\/a><\/p>\n<p>Dissabte, 23 d&#8217;abril a les 20:00h i diumenge 24 d&#8217;abril a les 18:00h\u200b, a l&#8217;Auditori Municipal de Porreres.\u200b Adaptaci\u00f3 teatral amb m\u00fasica en directe del llibre Desfilades de dia, afusellaments de nit de Bartomeu Gar\u00ed Salleras: PORRERES\u200b \u200b1936.<br \/>\nPreu: 5\u20ac\u200b (\u200bEls beneficis de les dues funcions es donaran a l&#8217;Associaci\u00f3 Mem\u00f2ria de Mallorca)<\/p>\n<p>Venda d&#8217;entrades:<br \/>\n&#8211; A les oficines de l&#8217;Ajuntament de dilluns a divendres, de 9:00 a 14:00h.<br \/>\n&#8211; A la taquilla de l&#8217;Auditori a partir d&#8217;una hora abans de cada funci\u00f3.<\/p>\n<p><a href=\"http:\/\/www.memoriadelesilles.org\/wordpress\/wp-content\/uploads\/2016\/04\/PORRERES-1936-BO-JPG.jpg\"><img loading=\"lazy\" decoding=\"async\" src=\"http:\/\/www.memoriadelesilles.org\/wordpress\/wp-content\/uploads\/2016\/04\/PORRERES-1936-BO-JPG-707x1024.jpg\" alt=\"PORRERES 1936 BO (JPG)\" width=\"584\" height=\"845\" class=\"alignnone size-large wp-image-6130\" \/><\/a><br \/>\n\u200b<br \/>\n\u00ab&#8230;Lluitarem per la igualtat i la llibertat de tothom, amb el major civisme possible i amb esfor\u00e7 i el vostre suport, segur que ho aconseguirem\u00bb.<br \/>\nAix\u00ed acab\u00e0 el m\u00edting que va fer Climent Garau al cine Moderno, dia 26 de gener de 1936. I amb aquest acte comen\u00e7a la hist\u00f2ria que Toni Rigo Sastre ha anat gestant al llarg d&#8217;un parell d&#8217;anys\u200b \u200ba partir del llibre de Bartomeu Gar\u00ed Desfilades de dia afusellaments de nit, projecte que veur\u00e0 la llum el pr\u00f2xims 23 i 24 d&#8217;abril a l&#8217;Auditori Municipal de Porreres.<br \/>\nTeatre i m\u00fasica s&#8217;uniran per donar veu a un dels episodis m\u00e9s trists del segle XX al nostre poble.\u200b \u200bPorreres 1936 \u00e9s una obra que parla de dos homes, de dues fam\u00edlies que viuen la nefasta i terrible guerra civil. L&#8217;autor, ha unit fets reals i m\u00fasica, gran part d&#8217;ella de Llu\u00eds Llach, escenificant algunes hist\u00f2ries que van succeir a Porreres l&#8217;any 36. S\u00f3n relats que foren silenciats durant molts d&#8217;anys, s\u00f3n paraules de persones -Climent Garau i Climent Serra que lluitaren per la democr\u00e0cia republicana i, que finalment foren afusellades i\u200b \u200bcondemnades a l&#8217;ombra de la hist\u00f2ria. L&#8217;obra tamb\u00e9 recupera el paper de la dona, de la germana, de l&#8217;esposa, de la mare que amb el seu patiment i lluita tamb\u00e9 es convertiren en v\u00edctimes oblidades del conflicte. Porreres 1936, mostra la viol\u00e8ncia d&#8217;una guerra on l&#8217;horror, la repressi\u00f3 i l&#8217;infortuni acaben guanyant.<br \/>\n\u200b<br \/>\nAGRUPACI\u00d3 CULTUAL DE PORRERES<\/p>\n","protected":false},"excerpt":{"rendered":"<p>Divendres\u200b \u200b22\u200b\u200b \u200bd&#8217;abril a les 20:00h\u200b, a la Biblioteca Municipal\u200b, pr\u200besentaci\u00f3 del llibre\u200b \u200bSUBORNS I TRETES DE LA PRES\u00d3 DE &hellip; <a class=\"more-link\" href=\"https:\/\/memoriadelesilles.org\/wordpress\/2016\/04\/20\/cap-de-setmana-porreres-actes-i-teatre-memoria-historica\/\">M\u00e9s<\/a><\/p>\n","protected":false},"author":1,"featured_media":0,"comment_status":"closed","ping_status":"closed","sticky":false,"template":"","format":"standard","meta":{"footnotes":""},"categories":[2,1],"tags":[],"class_list":["post-6128","post","type-post","status-publish","format-standard","hentry","category-noticies","category-uncategorized",""],"_links":{"self":[{"href":"https:\/\/memoriadelesilles.org\/wordpress\/wp-json\/wp\/v2\/posts\/6128","targetHints":{"allow":["GET"]}}],"collection":[{"href":"https:\/\/memoriadelesilles.org\/wordpress\/wp-json\/wp\/v2\/posts"}],"about":[{"href":"https:\/\/memoriadelesilles.org\/wordpress\/wp-json\/wp\/v2\/types\/post"}],"author":[{"embeddable":true,"href":"https:\/\/memoriadelesilles.org\/wordpress\/wp-json\/wp\/v2\/users\/1"}],"replies":[{"embeddable":true,"href":"https:\/\/memoriadelesilles.org\/wordpress\/wp-json\/wp\/v2\/comments?post=6128"}],"version-history":[{"count":0,"href":"https:\/\/memoriadelesilles.org\/wordpress\/wp-json\/wp\/v2\/posts\/6128\/revisions"}],"wp:attachment":[{"href":"https:\/\/memoriadelesilles.org\/wordpress\/wp-json\/wp\/v2\/media?parent=6128"}],"wp:term":[{"taxonomy":"category","embeddable":true,"href":"https:\/\/memoriadelesilles.org\/wordpress\/wp-json\/wp\/v2\/categories?post=6128"},{"taxonomy":"post_tag","embeddable":true,"href":"https:\/\/memoriadelesilles.org\/wordpress\/wp-json\/wp\/v2\/tags?post=6128"}],"curies":[{"name":"wp","href":"https:\/\/api.w.org\/{rel}","templated":true}]}}