{"id":6124,"date":"2016-02-23T07:34:21","date_gmt":"2016-02-23T07:34:21","guid":{"rendered":"http:\/\/www.memoriadelesilles.org\/wordpress\/?p=6124"},"modified":"2016-02-23T07:34:21","modified_gmt":"2016-02-23T07:34:21","slug":"revista-temps-de-la-memoria-numero-36","status":"publish","type":"post","link":"https:\/\/memoriadelesilles.org\/wordpress\/2016\/02\/23\/revista-temps-de-la-memoria-numero-36\/","title":{"rendered":"Revista \u201cTemps de la Mem\u00f2ria\u201d n\u00famero 36"},"content":{"rendered":"<p>Vos feim arribar el n\u00famero 36 de la nostra revista Temps de la Mem\u00f2ria. Esperam que els continguts siguin del vostre inter\u00e8s.<\/p>\n<p>Vos demanam que faceu la m\u00e0xima difusi\u00f3 possible entre els vostres contactes. La podreu descarregar clicant damunt el seg\u00fcent enlla\u00e7:<\/p>\n<p><a href=\"http:\/\/www.memoriadelesilles.org\/wordpress\/wp-content\/uploads\/2016\/02\/MdM-revista-36.pdf\">MdM revista 36<\/a><\/p>\n","protected":false},"excerpt":{"rendered":"<p>Vos feim arribar el n\u00famero 36 de la nostra revista Temps de la Mem\u00f2ria. Esperam que els continguts siguin del &hellip; <a class=\"more-link\" href=\"https:\/\/memoriadelesilles.org\/wordpress\/2016\/02\/23\/revista-temps-de-la-memoria-numero-36\/\">M\u00e9s<\/a><\/p>\n","protected":false},"author":1,"featured_media":0,"comment_status":"closed","ping_status":"closed","sticky":false,"template":"","format":"standard","meta":{"footnotes":""},"categories":[2,1],"tags":[],"class_list":["post-6124","post","type-post","status-publish","format-standard","hentry","category-noticies","category-uncategorized",""],"_links":{"self":[{"href":"https:\/\/memoriadelesilles.org\/wordpress\/wp-json\/wp\/v2\/posts\/6124","targetHints":{"allow":["GET"]}}],"collection":[{"href":"https:\/\/memoriadelesilles.org\/wordpress\/wp-json\/wp\/v2\/posts"}],"about":[{"href":"https:\/\/memoriadelesilles.org\/wordpress\/wp-json\/wp\/v2\/types\/post"}],"author":[{"embeddable":true,"href":"https:\/\/memoriadelesilles.org\/wordpress\/wp-json\/wp\/v2\/users\/1"}],"replies":[{"embeddable":true,"href":"https:\/\/memoriadelesilles.org\/wordpress\/wp-json\/wp\/v2\/comments?post=6124"}],"version-history":[{"count":0,"href":"https:\/\/memoriadelesilles.org\/wordpress\/wp-json\/wp\/v2\/posts\/6124\/revisions"}],"wp:attachment":[{"href":"https:\/\/memoriadelesilles.org\/wordpress\/wp-json\/wp\/v2\/media?parent=6124"}],"wp:term":[{"taxonomy":"category","embeddable":true,"href":"https:\/\/memoriadelesilles.org\/wordpress\/wp-json\/wp\/v2\/categories?post=6124"},{"taxonomy":"post_tag","embeddable":true,"href":"https:\/\/memoriadelesilles.org\/wordpress\/wp-json\/wp\/v2\/tags?post=6124"}],"curies":[{"name":"wp","href":"https:\/\/api.w.org\/{rel}","templated":true}]}}