{"id":6121,"date":"2016-01-17T22:59:45","date_gmt":"2016-01-17T22:59:45","guid":{"rendered":"http:\/\/www.memoriadelesilles.org\/wordpress\/?p=6121"},"modified":"2016-01-17T22:59:45","modified_gmt":"2016-01-17T22:59:45","slug":"presentacio-del-llibre-suborns-i-tretes-de-la-preso-de-can-mir-1936-1941-noves-aportacions-de-manel-suarez-salva","status":"publish","type":"post","link":"https:\/\/memoriadelesilles.org\/wordpress\/2016\/01\/17\/presentacio-del-llibre-suborns-i-tretes-de-la-preso-de-can-mir-1936-1941-noves-aportacions-de-manel-suarez-salva\/","title":{"rendered":"presentaci\u00f3 del llibre &#8220;Suborns i tretes de la pres\u00f3 de Can Mir (1936-1941). Noves aportacions.&#8221; de Manel Su\u00e1rez Salv\u00e0"},"content":{"rendered":"<p>Presentaci\u00f3 del llibre &#8220;Suborns i tretes de la pres\u00f3 de Can Mir (1936-1941). Noves aportacions.&#8221; de Manel Su\u00e1rez Salv\u00e0.<br \/>\nL&#8217;acte ser\u00e0 presentat per Tomeu Gar\u00ed, Manel Su\u00e1rez i Lleonard Muntaner i tindr\u00e0 lloc a Can Alcover (Sant Alonso, 24, Palma), el dimarts, dia 26 de gener, a les 19:00 hores.<br \/>\n<a href=\"http:\/\/www.memoriadelesilles.org\/wordpress\/wp-content\/uploads\/2016\/01\/Suborns-i-tretes-cAN-mIR.jpg\"><img loading=\"lazy\" decoding=\"async\" src=\"http:\/\/www.memoriadelesilles.org\/wordpress\/wp-content\/uploads\/2016\/01\/Suborns-i-tretes-cAN-mIR-1024x483.jpg\" alt=\"Convit_subornsitretes_palma.fh8\" width=\"584\" height=\"275\" class=\"alignnone size-large wp-image-6122\" \/><\/a><\/p>\n","protected":false},"excerpt":{"rendered":"<p>Presentaci\u00f3 del llibre &#8220;Suborns i tretes de la pres\u00f3 de Can Mir (1936-1941). Noves aportacions.&#8221; de Manel Su\u00e1rez Salv\u00e0. L&#8217;acte &hellip; <a class=\"more-link\" href=\"https:\/\/memoriadelesilles.org\/wordpress\/2016\/01\/17\/presentacio-del-llibre-suborns-i-tretes-de-la-preso-de-can-mir-1936-1941-noves-aportacions-de-manel-suarez-salva\/\">M\u00e9s<\/a><\/p>\n","protected":false},"author":1,"featured_media":0,"comment_status":"closed","ping_status":"closed","sticky":false,"template":"","format":"standard","meta":{"footnotes":""},"categories":[2,1],"tags":[],"class_list":["post-6121","post","type-post","status-publish","format-standard","hentry","category-noticies","category-uncategorized",""],"_links":{"self":[{"href":"https:\/\/memoriadelesilles.org\/wordpress\/wp-json\/wp\/v2\/posts\/6121","targetHints":{"allow":["GET"]}}],"collection":[{"href":"https:\/\/memoriadelesilles.org\/wordpress\/wp-json\/wp\/v2\/posts"}],"about":[{"href":"https:\/\/memoriadelesilles.org\/wordpress\/wp-json\/wp\/v2\/types\/post"}],"author":[{"embeddable":true,"href":"https:\/\/memoriadelesilles.org\/wordpress\/wp-json\/wp\/v2\/users\/1"}],"replies":[{"embeddable":true,"href":"https:\/\/memoriadelesilles.org\/wordpress\/wp-json\/wp\/v2\/comments?post=6121"}],"version-history":[{"count":0,"href":"https:\/\/memoriadelesilles.org\/wordpress\/wp-json\/wp\/v2\/posts\/6121\/revisions"}],"wp:attachment":[{"href":"https:\/\/memoriadelesilles.org\/wordpress\/wp-json\/wp\/v2\/media?parent=6121"}],"wp:term":[{"taxonomy":"category","embeddable":true,"href":"https:\/\/memoriadelesilles.org\/wordpress\/wp-json\/wp\/v2\/categories?post=6121"},{"taxonomy":"post_tag","embeddable":true,"href":"https:\/\/memoriadelesilles.org\/wordpress\/wp-json\/wp\/v2\/tags?post=6121"}],"curies":[{"name":"wp","href":"https:\/\/api.w.org\/{rel}","templated":true}]}}