{"id":6119,"date":"2016-01-06T23:07:08","date_gmt":"2016-01-06T23:07:08","guid":{"rendered":"http:\/\/www.memoriadelesilles.org\/wordpress\/?p=6119"},"modified":"2016-01-06T23:07:08","modified_gmt":"2016-01-06T23:07:08","slug":"comunicat-desquerra-unida-davant-laniversari-de-lassassinat-de-les-roges-del-molinar","status":"publish","type":"post","link":"https:\/\/memoriadelesilles.org\/wordpress\/2016\/01\/06\/comunicat-desquerra-unida-davant-laniversari-de-lassassinat-de-les-roges-del-molinar\/","title":{"rendered":"Comunicat d&#8217;Esquerra Unida davant l\u2019aniversari de l\u2019assassinat de les Roges del Molinar"},"content":{"rendered":"<p>Esquerra Unida davant l\u2019aniversari de l\u2019assassinat de les Roges del Molinar<\/p>\n<p>Fa 79 anys, la nit de Reis de 1937, foren assassinades cinc dones de Palma, les Roges del Molinar: Catalina Flaquer, les seves filles Ant\u00f2nia i Maria Pasqual, Aurora Picornell i Belarmina Gonz\u00e1lez.<\/p>\n<p>Eren dones treballadores i la seva mort fou similar a la de molts altres homes i dones de la seva classe: foren falsament alliberades de la pres\u00f3, assassinades i fetes desapar\u00e8ixer. Eren dones i no es consider\u00e0 necessari ni potser convenient promoure cap par\u00f2dia de judici que serv\u00eds d\u2019exemple com es va fer per altres v\u00edctimes del franquisme. La impunitat dels assassins era exemple suficient.<\/p>\n<p>Per\u00f2 tan important com recordar com les varen matar \u00e9s comprendre per qu\u00e8 les mataren, qu\u00e8 volien eradicar els feixistes posant fi a les seves vides.<\/p>\n<p>Les dones que mataren a Palma, tant les cinc roges del Molinar, comunistes, com la socialista Pilar S\u00e1nchez, eren militants de partits obrers. Eren dones que organitzaren sindicats en els oficis feminitzats amb els quals es guanyaven la vida, que denunciaven les injust\u00edcies laborals i les males condicions de vida que patien i que s\u2019enfrontaven sense por a la patronal i a l\u2019oligarquia.<\/p>\n<p>Eren dones republicanes i antifeixistes que aprengueren a exercir els drets establerts per la II Rep\u00fablica, que lligaven l\u2019emancipaci\u00f3 femenina a una educaci\u00f3 laica com la que promovia la Rep\u00fablica, dones que participaren amb entusiasme en les darreres eleccions republicanes fent propaganda pel Front Popular. I que davant el creixement del feixisme a Europa i del perill de guerra que suposava respongueren de forma solid\u00e0ria a les crides a la mobilitzaci\u00f3 en contra de la guerra i el feixisme on es trobaven amb dones de totes les ideologies.<\/p>\n<p>Eren dones feministes que compartien la vida de la majoria de les dones mallorquines, mares i responsables del benestar familiar, eren treballadores conscients de la doble explotaci\u00f3 que patien amb salaris sempre molt inferiors als dels homes i estaven creant un moviment feminista unitari. Recordem que a Mallorca la primera celebraci\u00f3 multitudin\u00e0ria del Dia de la Dona es celebr\u00e0 el mar\u00e7 de 1936 a la Casa del Poble amb un m\u00edting protagonitzat per dones de tots els partits i sindicats del Front Popular. Tres de les oradores d\u2019aquell dia, Ant\u00f2nia Pasqual, Aurora Picornell i Pilar S\u00e1nchez, foren assassinades.<\/p>\n<p>En aquest moment d\u2019atac als drets socials i a un estat de benestar que, no ho oblidem, \u00e9s fruit de la lluita obrera i de la lluita unit\u00e0ria antifeixista a Europa, tenim molt a aprendre d\u2019elles. Des d\u2019Esquerra Unida creim que el millor homenatge que es pot retre a aquestes companyes \u00e9s continuar la seva lluita pels ideals del moviment obrer i del feminisme i el seu comprom\u00eds amb els valors republicans i laics recuperant a la vegada l\u2019esperit unitari que permet\u00e9 fer front al feixisme.<\/p>\n<p>Volem fer una crida a participar en tots els actes d\u2019homenatge a la seva mem\u00f2ria que comparteixin aquests objectius.<\/p>\n","protected":false},"excerpt":{"rendered":"<p>Esquerra Unida davant l\u2019aniversari de l\u2019assassinat de les Roges del Molinar Fa 79 anys, la nit de Reis de 1937, &hellip; <a class=\"more-link\" href=\"https:\/\/memoriadelesilles.org\/wordpress\/2016\/01\/06\/comunicat-desquerra-unida-davant-laniversari-de-lassassinat-de-les-roges-del-molinar\/\">M\u00e9s<\/a><\/p>\n","protected":false},"author":1,"featured_media":0,"comment_status":"closed","ping_status":"closed","sticky":false,"template":"","format":"standard","meta":{"footnotes":""},"categories":[2,1],"tags":[],"class_list":["post-6119","post","type-post","status-publish","format-standard","hentry","category-noticies","category-uncategorized",""],"_links":{"self":[{"href":"https:\/\/memoriadelesilles.org\/wordpress\/wp-json\/wp\/v2\/posts\/6119","targetHints":{"allow":["GET"]}}],"collection":[{"href":"https:\/\/memoriadelesilles.org\/wordpress\/wp-json\/wp\/v2\/posts"}],"about":[{"href":"https:\/\/memoriadelesilles.org\/wordpress\/wp-json\/wp\/v2\/types\/post"}],"author":[{"embeddable":true,"href":"https:\/\/memoriadelesilles.org\/wordpress\/wp-json\/wp\/v2\/users\/1"}],"replies":[{"embeddable":true,"href":"https:\/\/memoriadelesilles.org\/wordpress\/wp-json\/wp\/v2\/comments?post=6119"}],"version-history":[{"count":0,"href":"https:\/\/memoriadelesilles.org\/wordpress\/wp-json\/wp\/v2\/posts\/6119\/revisions"}],"wp:attachment":[{"href":"https:\/\/memoriadelesilles.org\/wordpress\/wp-json\/wp\/v2\/media?parent=6119"}],"wp:term":[{"taxonomy":"category","embeddable":true,"href":"https:\/\/memoriadelesilles.org\/wordpress\/wp-json\/wp\/v2\/categories?post=6119"},{"taxonomy":"post_tag","embeddable":true,"href":"https:\/\/memoriadelesilles.org\/wordpress\/wp-json\/wp\/v2\/tags?post=6119"}],"curies":[{"name":"wp","href":"https:\/\/api.w.org\/{rel}","templated":true}]}}