{"id":6116,"date":"2016-01-06T23:06:07","date_gmt":"2016-01-06T23:06:07","guid":{"rendered":"http:\/\/www.memoriadelesilles.org\/wordpress\/?p=6116"},"modified":"2016-01-06T23:06:07","modified_gmt":"2016-01-06T23:06:07","slug":"estrena-de-cendres-cartografia-de-lexili","status":"publish","type":"post","link":"https:\/\/memoriadelesilles.org\/wordpress\/2016\/01\/06\/estrena-de-cendres-cartografia-de-lexili\/","title":{"rendered":"Estrena de &#8220;Cendres. Cartografia de l&#8217;exili&#8221;"},"content":{"rendered":"<p>La companyia La Polar us convida a l&#8217;estrena de Cendres. Cartografia de l&#8217;exili el dissabte 9 de gener a la Instituci\u00f3 P\u00fablica Antoni M. Alcover (C\/ Pare Andreu Fern\u00e0ndez, 13, Manacor) a les 19 i a les 21 hores (doble funci\u00f3).<\/p>\n<p>Dramat\u00fargia Joan Tom\u00e0s Mart\u00ednez Grimalt<br \/>\nDirecci\u00f3 Xavier Mart\u00ednez<br \/>\nAmb Merc\u00e8 Sancho de la Jordana, Rosa Serra i Francesca Vadell<\/p>\n<p>La Polar \u00e9s una companyia de teatre que es va gestar entorn de la pe\u00e7a Les llargues nits a Can Sales, una primera fita que, despr\u00e9s d&#8217;un llarg recorregut arreu de Mallorca, ens va unir en aquest nou projecte de recerca sobre la mem\u00f2ria. La mem\u00f2ria com a espai de reflexi\u00f3 per\u00f2, sobretot, la mem\u00f2ria com a espai de present i d&#8217;aprenentatge. <\/p>\n<p>Cendres \u00e9s el nostre primer projecte. S&#8217;endinsa en la recerca de l&#8217;exili de 1936 amb una mirada documental. Volem donar veu a dones an\u00f2nimes. Dones que probablement mai no varen existir, per\u00f2 que condensen i sintetitzen centenars de vides i de traject\u00f2ries. La Guerra Civil, per tant, no \u00e9s la protagonista d&#8217;aquesta hist\u00f2ria. Tampoc ho \u00e9s l&#8217;exili. Ho s\u00f3n les persones. Les persones i les seves respostes, els seus reptes, els seus desitjos i les seves vicissituds. Persones que, malgrat tot, encara s\u00f3n capaces d&#8217;estimar, d&#8217;il\u00b7lusionar-se, de viure. Aquest \u00e9s el nostre punt de partida.<\/p>\n<p>Reserva pr\u00e8via: cia.lapolar@gmail.com<\/p>\n<p>12 euros (socis Instituci\u00f3 Alcover, ESADIB i AAAPIB 8 euros).<\/p>\n<p>Us hi esperam!<\/p>\n<p><a href=\"http:\/\/www.memoriadelesilles.org\/wordpress\/wp-content\/uploads\/2016\/01\/CARTELL-laPolar5.jpg\"><img loading=\"lazy\" decoding=\"async\" src=\"http:\/\/www.memoriadelesilles.org\/wordpress\/wp-content\/uploads\/2016\/01\/CARTELL-laPolar5-1024x450.jpg\" alt=\"CARTELL laPolar5\" width=\"584\" height=\"256\" class=\"alignnone size-large wp-image-6117\" \/><\/a><\/p>\n","protected":false},"excerpt":{"rendered":"<p>La companyia La Polar us convida a l&#8217;estrena de Cendres. Cartografia de l&#8217;exili el dissabte 9 de gener a la &hellip; <a class=\"more-link\" href=\"https:\/\/memoriadelesilles.org\/wordpress\/2016\/01\/06\/estrena-de-cendres-cartografia-de-lexili\/\">M\u00e9s<\/a><\/p>\n","protected":false},"author":1,"featured_media":0,"comment_status":"closed","ping_status":"closed","sticky":false,"template":"","format":"standard","meta":{"footnotes":""},"categories":[2,1],"tags":[],"class_list":["post-6116","post","type-post","status-publish","format-standard","hentry","category-noticies","category-uncategorized",""],"_links":{"self":[{"href":"https:\/\/memoriadelesilles.org\/wordpress\/wp-json\/wp\/v2\/posts\/6116","targetHints":{"allow":["GET"]}}],"collection":[{"href":"https:\/\/memoriadelesilles.org\/wordpress\/wp-json\/wp\/v2\/posts"}],"about":[{"href":"https:\/\/memoriadelesilles.org\/wordpress\/wp-json\/wp\/v2\/types\/post"}],"author":[{"embeddable":true,"href":"https:\/\/memoriadelesilles.org\/wordpress\/wp-json\/wp\/v2\/users\/1"}],"replies":[{"embeddable":true,"href":"https:\/\/memoriadelesilles.org\/wordpress\/wp-json\/wp\/v2\/comments?post=6116"}],"version-history":[{"count":0,"href":"https:\/\/memoriadelesilles.org\/wordpress\/wp-json\/wp\/v2\/posts\/6116\/revisions"}],"wp:attachment":[{"href":"https:\/\/memoriadelesilles.org\/wordpress\/wp-json\/wp\/v2\/media?parent=6116"}],"wp:term":[{"taxonomy":"category","embeddable":true,"href":"https:\/\/memoriadelesilles.org\/wordpress\/wp-json\/wp\/v2\/categories?post=6116"},{"taxonomy":"post_tag","embeddable":true,"href":"https:\/\/memoriadelesilles.org\/wordpress\/wp-json\/wp\/v2\/tags?post=6116"}],"curies":[{"name":"wp","href":"https:\/\/api.w.org\/{rel}","templated":true}]}}