{"id":6113,"date":"2016-01-06T23:04:42","date_gmt":"2016-01-06T23:04:42","guid":{"rendered":"http:\/\/www.memoriadelesilles.org\/wordpress\/?p=6113"},"modified":"2016-01-06T23:04:42","modified_gmt":"2016-01-06T23:04:42","slug":"acte-dhomenatge-a-aurora-picornell-i-les-roges-del-molinar","status":"publish","type":"post","link":"https:\/\/memoriadelesilles.org\/wordpress\/2016\/01\/06\/acte-dhomenatge-a-aurora-picornell-i-les-roges-del-molinar\/","title":{"rendered":"Acte d&#8217;homenatge a Aurora Picornell i les roges del Molinar"},"content":{"rendered":"<p>Acte d&#8217;homenatge a Aurora Picornell i les roges del Molinar<\/p>\n<p>Dijous 7 de gener a les 20h. Teatre del Mar. Es Molinar<\/p>\n<p>Despr\u00e9s de dos anys sense fer-se, recuperam aquest acte d&#8217;homenatge a les militants assassinades pels feixistes la nit de Reis de 1937.<br \/>\nA l&#8217;acte hi intervindran l&#8217;historiador David Ginard i la regidora d&#8217;Alternativa per Pollen\u00e7a i activista Marina Llobera. Tamb\u00e9 hi haur\u00e0 un concert per part del cantautor del Pened\u00e8s, Cesk Freixas. <\/p>\n<p><a href=\"http:\/\/www.memoriadelesilles.org\/wordpress\/wp-content\/uploads\/2016\/01\/Auroramail.png\"><img loading=\"lazy\" decoding=\"async\" src=\"http:\/\/www.memoriadelesilles.org\/wordpress\/wp-content\/uploads\/2016\/01\/Auroramail-724x1024.png\" alt=\"Auroramail\" width=\"584\" height=\"825\" class=\"alignnone size-large wp-image-6114\" \/><\/a><\/p>\n","protected":false},"excerpt":{"rendered":"<p>Acte d&#8217;homenatge a Aurora Picornell i les roges del Molinar Dijous 7 de gener a les 20h. Teatre del Mar. &hellip; <a class=\"more-link\" href=\"https:\/\/memoriadelesilles.org\/wordpress\/2016\/01\/06\/acte-dhomenatge-a-aurora-picornell-i-les-roges-del-molinar\/\">M\u00e9s<\/a><\/p>\n","protected":false},"author":1,"featured_media":0,"comment_status":"closed","ping_status":"closed","sticky":false,"template":"","format":"standard","meta":{"footnotes":""},"categories":[2,1],"tags":[],"class_list":["post-6113","post","type-post","status-publish","format-standard","hentry","category-noticies","category-uncategorized",""],"_links":{"self":[{"href":"https:\/\/memoriadelesilles.org\/wordpress\/wp-json\/wp\/v2\/posts\/6113","targetHints":{"allow":["GET"]}}],"collection":[{"href":"https:\/\/memoriadelesilles.org\/wordpress\/wp-json\/wp\/v2\/posts"}],"about":[{"href":"https:\/\/memoriadelesilles.org\/wordpress\/wp-json\/wp\/v2\/types\/post"}],"author":[{"embeddable":true,"href":"https:\/\/memoriadelesilles.org\/wordpress\/wp-json\/wp\/v2\/users\/1"}],"replies":[{"embeddable":true,"href":"https:\/\/memoriadelesilles.org\/wordpress\/wp-json\/wp\/v2\/comments?post=6113"}],"version-history":[{"count":0,"href":"https:\/\/memoriadelesilles.org\/wordpress\/wp-json\/wp\/v2\/posts\/6113\/revisions"}],"wp:attachment":[{"href":"https:\/\/memoriadelesilles.org\/wordpress\/wp-json\/wp\/v2\/media?parent=6113"}],"wp:term":[{"taxonomy":"category","embeddable":true,"href":"https:\/\/memoriadelesilles.org\/wordpress\/wp-json\/wp\/v2\/categories?post=6113"},{"taxonomy":"post_tag","embeddable":true,"href":"https:\/\/memoriadelesilles.org\/wordpress\/wp-json\/wp\/v2\/tags?post=6113"}],"curies":[{"name":"wp","href":"https:\/\/api.w.org\/{rel}","templated":true}]}}