{"id":6108,"date":"2015-12-03T23:32:06","date_gmt":"2015-12-03T23:32:06","guid":{"rendered":"http:\/\/www.memoriadelesilles.org\/wordpress\/?p=6108"},"modified":"2015-12-03T23:32:06","modified_gmt":"2015-12-03T23:32:06","slug":"revista-temps-de-la-memoria-numero-35","status":"publish","type":"post","link":"https:\/\/memoriadelesilles.org\/wordpress\/2015\/12\/03\/revista-temps-de-la-memoria-numero-35\/","title":{"rendered":"Revista &#8220;Temps de la Mem\u00f2ria&#8221; n\u00famero 35"},"content":{"rendered":"<p>Vos feim arribar el n\u00famero\u00a035 de\u00a0la\u00a0nostra\u00a0revista\u00a0Temps\u00a0de\u00a0<wbr><\/wbr>la\u00a0Mem\u00f2ria.\u00a0Esperam que els continguts siguin del vostre inter\u00e8s.<\/p>\n<div style=\"color: #222222;\">Vos demanam que faceu\u00a0la\u00a0m\u00e0xima difusi\u00f3 possible entre els vostres contactes. La podreu descarregar clicant damunt el seg\u00fcent enlla\u00e7:<\/div>\n<p><a href=\"http:\/\/www.memoriadelesilles.org\/wordpress\/wp-content\/uploads\/2015\/12\/TdM-revista-35.pdf\">TdM revista 35<\/a><\/p>\n","protected":false},"excerpt":{"rendered":"<p>Vos feim arribar el n\u00famero\u00a035 de\u00a0la\u00a0nostra\u00a0revista\u00a0Temps\u00a0de\u00a0la\u00a0Mem\u00f2ria.\u00a0Esperam que els continguts siguin del vostre inter\u00e8s. Vos demanam que faceu\u00a0la\u00a0m\u00e0xima difusi\u00f3 possible entre &hellip; <a class=\"more-link\" href=\"https:\/\/memoriadelesilles.org\/wordpress\/2015\/12\/03\/revista-temps-de-la-memoria-numero-35\/\">M\u00e9s<\/a><\/p>\n","protected":false},"author":1,"featured_media":0,"comment_status":"closed","ping_status":"closed","sticky":false,"template":"","format":"standard","meta":{"footnotes":""},"categories":[2,1],"tags":[],"class_list":["post-6108","post","type-post","status-publish","format-standard","hentry","category-noticies","category-uncategorized",""],"_links":{"self":[{"href":"https:\/\/memoriadelesilles.org\/wordpress\/wp-json\/wp\/v2\/posts\/6108","targetHints":{"allow":["GET"]}}],"collection":[{"href":"https:\/\/memoriadelesilles.org\/wordpress\/wp-json\/wp\/v2\/posts"}],"about":[{"href":"https:\/\/memoriadelesilles.org\/wordpress\/wp-json\/wp\/v2\/types\/post"}],"author":[{"embeddable":true,"href":"https:\/\/memoriadelesilles.org\/wordpress\/wp-json\/wp\/v2\/users\/1"}],"replies":[{"embeddable":true,"href":"https:\/\/memoriadelesilles.org\/wordpress\/wp-json\/wp\/v2\/comments?post=6108"}],"version-history":[{"count":0,"href":"https:\/\/memoriadelesilles.org\/wordpress\/wp-json\/wp\/v2\/posts\/6108\/revisions"}],"wp:attachment":[{"href":"https:\/\/memoriadelesilles.org\/wordpress\/wp-json\/wp\/v2\/media?parent=6108"}],"wp:term":[{"taxonomy":"category","embeddable":true,"href":"https:\/\/memoriadelesilles.org\/wordpress\/wp-json\/wp\/v2\/categories?post=6108"},{"taxonomy":"post_tag","embeddable":true,"href":"https:\/\/memoriadelesilles.org\/wordpress\/wp-json\/wp\/v2\/tags?post=6108"}],"curies":[{"name":"wp","href":"https:\/\/api.w.org\/{rel}","templated":true}]}}