{"id":6103,"date":"2015-11-07T23:08:44","date_gmt":"2015-11-07T23:08:44","guid":{"rendered":"http:\/\/www.memoriadelesilles.org\/wordpress\/?p=6103"},"modified":"2015-11-07T23:08:44","modified_gmt":"2015-11-07T23:08:44","slug":"presentacio-del-documental-la-maleta-mexicana","status":"publish","type":"post","link":"https:\/\/memoriadelesilles.org\/wordpress\/2015\/11\/07\/presentacio-del-documental-la-maleta-mexicana\/","title":{"rendered":"Presentaci\u00f3 del documental \u201cLa Maleta Mexicana\u201d"},"content":{"rendered":"<p><b style=\"color: #222222;\">Divendres, 13 de novembre, a les 19\u201930 hores, a Sa Societat de Calvi\u00e0<\/b><span style=\"color: #222222;\">, es presentar\u00e0 el documental \u201cLa Maleta Mexicana\u201d, a c\u00e0rrec de l\u2019historiador David Ginard.<\/span><\/p>\n<p><span style=\"color: #000000;\">Explica la hist\u00f2ria dels 4500 negatius que els prestigiosos fot\u00f2grafs Robert Capa, Gerda Taro i David \u201dChim\u201d Seymour van prendre durant la Guerra Civil espanyola, que van desapar\u00e8ixer i van ser recuperats 70 anys despr\u00e9s a Ciutat de M\u00e8xic. Descobreix a m\u00e9s el paper que M\u00e8xic va jugar durant la Guerra Civil i el seu suport a la Rep\u00fablica en l&#8217;exili, i desvetlla la forma en qu\u00e8 Espanya afronta avui el seu propi passat.<\/span><\/p>\n<p><a href=\"http:\/\/www.memoriadelesilles.org\/wordpress\/wp-content\/uploads\/2015\/11\/IMG-20151105-WA0005.jpg\"><img loading=\"lazy\" decoding=\"async\" class=\"alignnone size-large wp-image-6104\" src=\"http:\/\/www.memoriadelesilles.org\/wordpress\/wp-content\/uploads\/2015\/11\/IMG-20151105-WA0005-723x1024.jpg\" alt=\"IMG-20151105-WA0005\" width=\"584\" height=\"827\" \/><\/a><\/p>\n","protected":false},"excerpt":{"rendered":"<p>Divendres, 13 de novembre, a les 19\u201930 hores, a Sa Societat de Calvi\u00e0, es presentar\u00e0 el documental \u201cLa Maleta Mexicana\u201d, &hellip; <a class=\"more-link\" href=\"https:\/\/memoriadelesilles.org\/wordpress\/2015\/11\/07\/presentacio-del-documental-la-maleta-mexicana\/\">M\u00e9s<\/a><\/p>\n","protected":false},"author":1,"featured_media":0,"comment_status":"closed","ping_status":"closed","sticky":false,"template":"","format":"standard","meta":{"footnotes":""},"categories":[2,1],"tags":[],"class_list":["post-6103","post","type-post","status-publish","format-standard","hentry","category-noticies","category-uncategorized",""],"_links":{"self":[{"href":"https:\/\/memoriadelesilles.org\/wordpress\/wp-json\/wp\/v2\/posts\/6103","targetHints":{"allow":["GET"]}}],"collection":[{"href":"https:\/\/memoriadelesilles.org\/wordpress\/wp-json\/wp\/v2\/posts"}],"about":[{"href":"https:\/\/memoriadelesilles.org\/wordpress\/wp-json\/wp\/v2\/types\/post"}],"author":[{"embeddable":true,"href":"https:\/\/memoriadelesilles.org\/wordpress\/wp-json\/wp\/v2\/users\/1"}],"replies":[{"embeddable":true,"href":"https:\/\/memoriadelesilles.org\/wordpress\/wp-json\/wp\/v2\/comments?post=6103"}],"version-history":[{"count":0,"href":"https:\/\/memoriadelesilles.org\/wordpress\/wp-json\/wp\/v2\/posts\/6103\/revisions"}],"wp:attachment":[{"href":"https:\/\/memoriadelesilles.org\/wordpress\/wp-json\/wp\/v2\/media?parent=6103"}],"wp:term":[{"taxonomy":"category","embeddable":true,"href":"https:\/\/memoriadelesilles.org\/wordpress\/wp-json\/wp\/v2\/categories?post=6103"},{"taxonomy":"post_tag","embeddable":true,"href":"https:\/\/memoriadelesilles.org\/wordpress\/wp-json\/wp\/v2\/tags?post=6103"}],"curies":[{"name":"wp","href":"https:\/\/api.w.org\/{rel}","templated":true}]}}