{"id":6096,"date":"2015-09-12T08:49:13","date_gmt":"2015-09-12T08:49:13","guid":{"rendered":"http:\/\/www.memoriadelesilles.org\/wordpress\/?p=6096"},"modified":"2015-09-12T08:49:13","modified_gmt":"2015-09-12T08:49:13","slug":"revista-temps-de-la-memoria-numero-34","status":"publish","type":"post","link":"https:\/\/memoriadelesilles.org\/wordpress\/2015\/09\/12\/revista-temps-de-la-memoria-numero-34\/","title":{"rendered":"Revista \u201cTemps de la Mem\u00f2ria\u201d n\u00famero 34"},"content":{"rendered":"<div style=\"color: #222222;\">Vos feim arribar el n\u00famero\u00a034\u00a0de\u00a0la\u00a0nostra\u00a0revista\u00a0Temps\u00a0de\u00a0<wbr><\/wbr>la\u00a0Mem\u00f2ria.<\/div>\n<div style=\"color: #222222;\">Esperam que els continguts siguin del vostre inter\u00e8s.<\/div>\n<div style=\"color: #222222;\">Vos demanam que faceu\u00a0la\u00a0m\u00e0xima difusi\u00f3 possible entre els vostres contactes. La podreu descarregar clicant damunt el seg\u00fcent enlla\u00e7:<\/div>\n<div style=\"color: #222222;\"><a href=\"http:\/\/www.memoriadelesilles.org\/wordpress\/wp-content\/uploads\/2015\/09\/MdM-revista-34.pdf\">MdM revista 34<\/a><\/div>\n","protected":false},"excerpt":{"rendered":"<p>Vos feim arribar el n\u00famero\u00a034\u00a0de\u00a0la\u00a0nostra\u00a0revista\u00a0Temps\u00a0de\u00a0la\u00a0Mem\u00f2ria. Esperam que els continguts siguin del vostre inter\u00e8s. Vos demanam que faceu\u00a0la\u00a0m\u00e0xima difusi\u00f3 possible entre &hellip; <a class=\"more-link\" href=\"https:\/\/memoriadelesilles.org\/wordpress\/2015\/09\/12\/revista-temps-de-la-memoria-numero-34\/\">M\u00e9s<\/a><\/p>\n","protected":false},"author":1,"featured_media":0,"comment_status":"closed","ping_status":"closed","sticky":false,"template":"","format":"standard","meta":{"footnotes":""},"categories":[2,1],"tags":[],"class_list":["post-6096","post","type-post","status-publish","format-standard","hentry","category-noticies","category-uncategorized",""],"_links":{"self":[{"href":"https:\/\/memoriadelesilles.org\/wordpress\/wp-json\/wp\/v2\/posts\/6096","targetHints":{"allow":["GET"]}}],"collection":[{"href":"https:\/\/memoriadelesilles.org\/wordpress\/wp-json\/wp\/v2\/posts"}],"about":[{"href":"https:\/\/memoriadelesilles.org\/wordpress\/wp-json\/wp\/v2\/types\/post"}],"author":[{"embeddable":true,"href":"https:\/\/memoriadelesilles.org\/wordpress\/wp-json\/wp\/v2\/users\/1"}],"replies":[{"embeddable":true,"href":"https:\/\/memoriadelesilles.org\/wordpress\/wp-json\/wp\/v2\/comments?post=6096"}],"version-history":[{"count":0,"href":"https:\/\/memoriadelesilles.org\/wordpress\/wp-json\/wp\/v2\/posts\/6096\/revisions"}],"wp:attachment":[{"href":"https:\/\/memoriadelesilles.org\/wordpress\/wp-json\/wp\/v2\/media?parent=6096"}],"wp:term":[{"taxonomy":"category","embeddable":true,"href":"https:\/\/memoriadelesilles.org\/wordpress\/wp-json\/wp\/v2\/categories?post=6096"},{"taxonomy":"post_tag","embeddable":true,"href":"https:\/\/memoriadelesilles.org\/wordpress\/wp-json\/wp\/v2\/tags?post=6096"}],"curies":[{"name":"wp","href":"https:\/\/api.w.org\/{rel}","templated":true}]}}