{"id":6091,"date":"2015-09-02T21:08:15","date_gmt":"2015-09-02T21:08:15","guid":{"rendered":"http:\/\/www.memoriadelesilles.org\/wordpress\/?p=6091"},"modified":"2015-09-02T21:08:15","modified_gmt":"2015-09-02T21:08:15","slug":"concentracio-per-la-veritat-justicia-i-reparacio","status":"publish","type":"post","link":"https:\/\/memoriadelesilles.org\/wordpress\/2015\/09\/02\/concentracio-per-la-veritat-justicia-i-reparacio\/","title":{"rendered":"Concentraci\u00f3 per la Veritat, Just\u00edcia i Reparaci\u00f3"},"content":{"rendered":"<div class=\"gmail_quote\" style=\"color: #222222;\"><span style=\"color: #141823;\">Com cada primer dissabte de mes, aquest proper dia 5 de setembre ens concentrarem a la Pla\u00e7a Major de Palma , a les 12 hores, \u00a0per exigir Veritat, Just\u00edcia i Reparaci\u00f3 .<\/span><\/div>\n<div style=\"color: #141823;\">\n<p>Us hi esperam a totes i tots!<\/p>\n<\/div>\n<div style=\"color: #141823;\">\n<p>Portau les vostres fotos i consignes pels drets de les v\u00edctimes del feixisme em en pro de la lluita antifeixista.<br \/>\nSalut i Mem\u00f2ria!<\/p>\n<p><a href=\"http:\/\/www.memoriadelesilles.org\/wordpress\/wp-content\/uploads\/2015\/09\/Cartell-Concentracions-20.jpg\"><img loading=\"lazy\" decoding=\"async\" class=\"alignnone size-large wp-image-6092\" src=\"http:\/\/www.memoriadelesilles.org\/wordpress\/wp-content\/uploads\/2015\/09\/Cartell-Concentracions-20-723x1024.jpg\" alt=\"Cartell Concentracions 20\" width=\"584\" height=\"827\" \/><\/a><\/p>\n<\/div>\n","protected":false},"excerpt":{"rendered":"<p>Com cada primer dissabte de mes, aquest proper dia 5 de setembre ens concentrarem a la Pla\u00e7a Major de Palma &hellip; <a class=\"more-link\" href=\"https:\/\/memoriadelesilles.org\/wordpress\/2015\/09\/02\/concentracio-per-la-veritat-justicia-i-reparacio\/\">M\u00e9s<\/a><\/p>\n","protected":false},"author":1,"featured_media":0,"comment_status":"closed","ping_status":"closed","sticky":false,"template":"","format":"standard","meta":{"footnotes":""},"categories":[2,1],"tags":[],"class_list":["post-6091","post","type-post","status-publish","format-standard","hentry","category-noticies","category-uncategorized",""],"_links":{"self":[{"href":"https:\/\/memoriadelesilles.org\/wordpress\/wp-json\/wp\/v2\/posts\/6091","targetHints":{"allow":["GET"]}}],"collection":[{"href":"https:\/\/memoriadelesilles.org\/wordpress\/wp-json\/wp\/v2\/posts"}],"about":[{"href":"https:\/\/memoriadelesilles.org\/wordpress\/wp-json\/wp\/v2\/types\/post"}],"author":[{"embeddable":true,"href":"https:\/\/memoriadelesilles.org\/wordpress\/wp-json\/wp\/v2\/users\/1"}],"replies":[{"embeddable":true,"href":"https:\/\/memoriadelesilles.org\/wordpress\/wp-json\/wp\/v2\/comments?post=6091"}],"version-history":[{"count":0,"href":"https:\/\/memoriadelesilles.org\/wordpress\/wp-json\/wp\/v2\/posts\/6091\/revisions"}],"wp:attachment":[{"href":"https:\/\/memoriadelesilles.org\/wordpress\/wp-json\/wp\/v2\/media?parent=6091"}],"wp:term":[{"taxonomy":"category","embeddable":true,"href":"https:\/\/memoriadelesilles.org\/wordpress\/wp-json\/wp\/v2\/categories?post=6091"},{"taxonomy":"post_tag","embeddable":true,"href":"https:\/\/memoriadelesilles.org\/wordpress\/wp-json\/wp\/v2\/tags?post=6091"}],"curies":[{"name":"wp","href":"https:\/\/api.w.org\/{rel}","templated":true}]}}