{"id":6078,"date":"2015-06-11T22:58:42","date_gmt":"2015-06-11T22:58:42","guid":{"rendered":"http:\/\/www.memoriadelesilles.org\/wordpress\/?p=6078"},"modified":"2015-06-11T22:58:42","modified_gmt":"2015-06-11T22:58:42","slug":"acte-entrega-restes-victimes-exhumades-a-les-seves-families","status":"publish","type":"post","link":"https:\/\/memoriadelesilles.org\/wordpress\/2015\/06\/11\/acte-entrega-restes-victimes-exhumades-a-les-seves-families\/","title":{"rendered":"ACTE ENTREGA RESTES V\u00cdCTIMES EXHUMADES A LES SEVES FAM\u00cdLIES"},"content":{"rendered":"<p><span style=\"color: #222222;\">Companyes i companys,<\/span><b style=\"color: #222222;\">\u00a0divendres, 19 de juny<\/b><span style=\"color: #222222;\">, farem entrega de les restes de les tres v\u00edctimes del feixisme que, ara far\u00e0 just un any, exhumarem al cementiri de Sant Joan:\u00a0<\/span><b style=\"color: #222222;\">Jaume Gual, Joan Gual i Miquel Salom<\/b><span style=\"color: #222222;\">, les tres de Maria de la Salut.\u00a0<\/span><\/p>\n<div style=\"color: #222222;\">La convocat\u00f2ria ser\u00e0 a la\u00a0<b>Pla\u00e7a de l&#8217;Ajuntament de Maria, a les 19 hores<\/b>, on arribar\u00e0 un cotxe de l&#8217;Ajuntament de Sant Joan amb les restes de les tres v\u00edctimes. Des de all\u00e0 ens dirigirem al cementiri de Maria on es celebrar\u00e0 l&#8217;acte d&#8217;entrega, tamb\u00e9 podeu esperar al mateix cementiri, sobretot aquelles persones que tingueu dificultats per caminar, el trajecte el farem a peu i \u00e9s d&#8217;aproximament 1 kil\u00f2metre.<\/div>\n<div style=\"color: #222222;\">Ser\u00e0 una fita hist\u00f2rica on ning\u00fa hi ha de faltar, per primera vegada a Mallorca es far\u00e0 entrega de les restes de tres v\u00edctimes assassinades pel feixisme a les seves families i al seu poble, hi haur\u00e0 m\u00fasica i parlaments. Vos convidam a tots i a totes per acompanyar a les seves fam\u00edlies en un dia tan emotiu.<\/div>\n<div style=\"color: #222222;\">Hem creat un esdeveniment al nostre Facebook, aqu\u00ed teniu l&#8217;enlla\u00e7 on hi trobareu m\u00e9s informaci\u00f3:<\/div>\n<div style=\"color: #222222;\"><\/div>\n<div style=\"color: #222222;\"><a style=\"color: #1155cc;\" href=\"https:\/\/www.facebook.com\/events\/1594349150843425\/\" target=\"_blank\">https:\/\/www.facebook.com\/<wbr><\/wbr>events\/1594349150843425\/<\/a><\/div>\n<div style=\"color: #222222;\"><\/div>\n<div style=\"color: #222222;\">Organitza: Associaci\u00f3 Mem\u00f2ria de Mallorca<\/div>\n<div style=\"color: #222222;\">Participen: Ajuntament de Maria de la Salut i Ajuntament de Sant Joan.<\/div>\n<div style=\"color: #222222;\"><\/div>\n<div style=\"color: #222222;\">Vos esperam i pregam doneu la m\u00e0xima difusi\u00f3 a l&#8217;acte.<\/div>\n<div style=\"color: #222222;\">Jaume, Joan i Miquel, sempre en el nostre record.<\/div>\n<div style=\"color: #222222;\"><\/div>\n<div style=\"color: #222222;\"><a href=\"http:\/\/www.memoriadelesilles.org\/wordpress\/wp-content\/uploads\/2015\/06\/Jaume-Gual-Joan-Gual-i-Miquel-Salom.jpg\"><img loading=\"lazy\" decoding=\"async\" class=\"alignnone size-full wp-image-6079\" src=\"http:\/\/www.memoriadelesilles.org\/wordpress\/wp-content\/uploads\/2015\/06\/Jaume-Gual-Joan-Gual-i-Miquel-Salom.jpg\" alt=\"Jaume Gual, Joan Gual i Miquel Salom\" width=\"427\" height=\"179\" \/><\/a><\/div>\n","protected":false},"excerpt":{"rendered":"<p>Companyes i companys,\u00a0divendres, 19 de juny, farem entrega de les restes de les tres v\u00edctimes del feixisme que, ara far\u00e0 &hellip; <a class=\"more-link\" href=\"https:\/\/memoriadelesilles.org\/wordpress\/2015\/06\/11\/acte-entrega-restes-victimes-exhumades-a-les-seves-families\/\">M\u00e9s<\/a><\/p>\n","protected":false},"author":1,"featured_media":0,"comment_status":"closed","ping_status":"closed","sticky":false,"template":"","format":"standard","meta":{"footnotes":""},"categories":[2,1],"tags":[],"class_list":["post-6078","post","type-post","status-publish","format-standard","hentry","category-noticies","category-uncategorized",""],"_links":{"self":[{"href":"https:\/\/memoriadelesilles.org\/wordpress\/wp-json\/wp\/v2\/posts\/6078","targetHints":{"allow":["GET"]}}],"collection":[{"href":"https:\/\/memoriadelesilles.org\/wordpress\/wp-json\/wp\/v2\/posts"}],"about":[{"href":"https:\/\/memoriadelesilles.org\/wordpress\/wp-json\/wp\/v2\/types\/post"}],"author":[{"embeddable":true,"href":"https:\/\/memoriadelesilles.org\/wordpress\/wp-json\/wp\/v2\/users\/1"}],"replies":[{"embeddable":true,"href":"https:\/\/memoriadelesilles.org\/wordpress\/wp-json\/wp\/v2\/comments?post=6078"}],"version-history":[{"count":0,"href":"https:\/\/memoriadelesilles.org\/wordpress\/wp-json\/wp\/v2\/posts\/6078\/revisions"}],"wp:attachment":[{"href":"https:\/\/memoriadelesilles.org\/wordpress\/wp-json\/wp\/v2\/media?parent=6078"}],"wp:term":[{"taxonomy":"category","embeddable":true,"href":"https:\/\/memoriadelesilles.org\/wordpress\/wp-json\/wp\/v2\/categories?post=6078"},{"taxonomy":"post_tag","embeddable":true,"href":"https:\/\/memoriadelesilles.org\/wordpress\/wp-json\/wp\/v2\/tags?post=6078"}],"curies":[{"name":"wp","href":"https:\/\/api.w.org\/{rel}","templated":true}]}}