{"id":6074,"date":"2015-06-02T11:58:12","date_gmt":"2015-06-02T11:58:12","guid":{"rendered":"http:\/\/www.memoriadelesilles.org\/wordpress\/?p=6074"},"modified":"2015-06-02T11:58:12","modified_gmt":"2015-06-02T11:58:12","slug":"presentacio-del-llibre-la-fossa-dels-mariandos-obrir-per-poder-tancar-la-historia-de-tomeu-gari","status":"publish","type":"post","link":"https:\/\/memoriadelesilles.org\/wordpress\/2015\/06\/02\/presentacio-del-llibre-la-fossa-dels-mariandos-obrir-per-poder-tancar-la-historia-de-tomeu-gari\/","title":{"rendered":"Presentaci\u00f3 del llibre &#8220;La fossa dels Mariandos, obrir per poder tancar la hist\u00f2ria&#8221; de Tomeu Gar\u00ed"},"content":{"rendered":"<p>&#8220;La fossa dels Mariandos, obrir per poder tancar la hist\u00f2ria&#8221; el proper divendres dia 5 de juny a les 20 hores al centre cultural Escorxador de Porreres.<\/p>\n<blockquote><p>Com molts de vosaltres sabeu, el mes passat l&#8217;Ajuntament de Maria de Salut em va atorgar el Premi Font i Roig d&#8217;Assaig 2015. Ara, ha arribat l&#8217;hora de presentar l&#8217;obra guanyadora a Porreres. Per aix\u00f2 vos convit a tots perqu\u00e8 m&#8217;acompanyeu a la presentaci\u00f3 de l&#8217;obra: &#8220;La fossa dels Mariandos, obrir per poder tancar la hist\u00f2ria&#8221; el proper divendres dia 5 de junya les 20 hores al centre cultural Escorxador de Porreres. Hi intrervendran un bon grapat d&#8217;amics meus: Manuel Su\u00e1rez Salv\u00e0, viceperesident de Mem\u00f2ria de Mallorca; Joana Mora Cerd\u00e0, presidenta de l&#8217;Agrup\u00e0ci\u00f3 Cultural de Porreres; Francisca Mora Veny, batlessa de Porreres i Antoni Mulet Campins, batle de Maria de la Salut. Moderar\u00e0 l&#8217;editor Lleonard Muntaner.<\/p>\n<p>Ja ho sabeu, si voleu con\u00e8ixer el treball que va permetre la localitzaci\u00f3 de la fossa comuna on foren trobats els cossos dels mariandos: Jaume Gual, Miquel Salom i Joan Gual, acostau-vos divendres capvespre a l&#8217;Escorxador Municipal.<\/p>\n<p>Despr\u00e9s de l&#8217;acte hi haur\u00e0 un petit refrigeri.<\/p>\n<p>Una abra\u00e7ada a tots i moltes gr\u00e0cies pel vostre suport.<\/p>\n<p>Vos hi esper a tots<\/p>\n<p>Tomeu Gar\u00ed<\/p>\n<p>&nbsp;<\/p><\/blockquote>\n<p><a href=\"http:\/\/www.memoriadelesilles.org\/wordpress\/wp-content\/uploads\/2015\/06\/convit-fossa.jpg\"><img loading=\"lazy\" decoding=\"async\" class=\"alignnone size-large wp-image-6075\" src=\"http:\/\/www.memoriadelesilles.org\/wordpress\/wp-content\/uploads\/2015\/06\/convit-fossa-1024x483.jpg\" alt=\"convit fossa\" width=\"584\" height=\"275\" \/><\/a><\/p>\n","protected":false},"excerpt":{"rendered":"<p>&#8220;La fossa dels Mariandos, obrir per poder tancar la hist\u00f2ria&#8221; el proper divendres dia 5 de juny a les 20 &hellip; <a class=\"more-link\" href=\"https:\/\/memoriadelesilles.org\/wordpress\/2015\/06\/02\/presentacio-del-llibre-la-fossa-dels-mariandos-obrir-per-poder-tancar-la-historia-de-tomeu-gari\/\">M\u00e9s<\/a><\/p>\n","protected":false},"author":1,"featured_media":0,"comment_status":"closed","ping_status":"closed","sticky":false,"template":"","format":"standard","meta":{"footnotes":""},"categories":[2,1],"tags":[],"class_list":["post-6074","post","type-post","status-publish","format-standard","hentry","category-noticies","category-uncategorized",""],"_links":{"self":[{"href":"https:\/\/memoriadelesilles.org\/wordpress\/wp-json\/wp\/v2\/posts\/6074","targetHints":{"allow":["GET"]}}],"collection":[{"href":"https:\/\/memoriadelesilles.org\/wordpress\/wp-json\/wp\/v2\/posts"}],"about":[{"href":"https:\/\/memoriadelesilles.org\/wordpress\/wp-json\/wp\/v2\/types\/post"}],"author":[{"embeddable":true,"href":"https:\/\/memoriadelesilles.org\/wordpress\/wp-json\/wp\/v2\/users\/1"}],"replies":[{"embeddable":true,"href":"https:\/\/memoriadelesilles.org\/wordpress\/wp-json\/wp\/v2\/comments?post=6074"}],"version-history":[{"count":0,"href":"https:\/\/memoriadelesilles.org\/wordpress\/wp-json\/wp\/v2\/posts\/6074\/revisions"}],"wp:attachment":[{"href":"https:\/\/memoriadelesilles.org\/wordpress\/wp-json\/wp\/v2\/media?parent=6074"}],"wp:term":[{"taxonomy":"category","embeddable":true,"href":"https:\/\/memoriadelesilles.org\/wordpress\/wp-json\/wp\/v2\/categories?post=6074"},{"taxonomy":"post_tag","embeddable":true,"href":"https:\/\/memoriadelesilles.org\/wordpress\/wp-json\/wp\/v2\/tags?post=6074"}],"curies":[{"name":"wp","href":"https:\/\/api.w.org\/{rel}","templated":true}]}}