{"id":6067,"date":"2015-04-26T17:24:52","date_gmt":"2015-04-26T17:24:52","guid":{"rendered":"http:\/\/www.memoriadelesilles.org\/wordpress\/?p=6067"},"modified":"2015-04-26T17:24:52","modified_gmt":"2015-04-26T17:24:52","slug":"6067","status":"publish","type":"post","link":"https:\/\/memoriadelesilles.org\/wordpress\/2015\/04\/26\/6067\/","title":{"rendered":"Presentaci\u00f3 del llibre &#8220;Els primers dem\u00f2crates.&#8221;"},"content":{"rendered":"<p>Dilluns dia 27 a les 19h a Embat<br \/>\nPresentaci\u00f3 del llibre de Isabel Pe\u00f1arrubia<\/p>\n<p>Els primers dem\u00f2crates. Diccionari biogr\u00e0fic del liberalisme mallorqu\u00ed. ( 1808-1837\u00a0)<br \/>\nHi participaran: Vos anticipam actes del mes de maig, EMBAT participar\u00e0 amb una<\/p>\n<p>Expocisi\u00f3 de Contes d\u2019Art i Emocions a<\/p>\n<p>Dia 2 i 3 al II Festival Contesporles*\u00a0i<br \/>\nDia \u00a015 ales Jornades d\u2019Educaci\u00f3 Art\u00edsticA**<br \/>\n*El programa del Contaesporles el trobareu a la p\u00e0gina web de l\u2019Ajuntament d\u2019Esporles<\/p>\n<p>**Adjuntam el programa de les Jornades d\u2019Educaci\u00f3 Art\u00edsticA, la inscripci\u00f3 (78 places) es far\u00e0 per ordre de recepci\u00f3 de sol.licituds, hi participaran les cofundadores del Taller Municipal\u00a0Carrau Blau\u00a0Soledat Sans i Marta Balada, organitza la UIB; inscripcions a :\u00a0<a href=\"http:\/\/hiperurl.co\/jornades_art\">http:\/\/hiperurl.co\/jornades_art<\/a><\/p>\n<p><a href=\"http:\/\/www.memoriadelesilles.org\/wordpress\/wp-content\/uploads\/2015\/04\/D\u00edptic-Jornades-Art\u00edstiques.pdf\">D\u00edptic Jornades Art\u00edstiques<\/a><\/p>\n","protected":false},"excerpt":{"rendered":"<p>Dilluns dia 27 a les 19h a Embat Presentaci\u00f3 del llibre de Isabel Pe\u00f1arrubia Els primers dem\u00f2crates. Diccionari biogr\u00e0fic del &hellip; <a class=\"more-link\" href=\"https:\/\/memoriadelesilles.org\/wordpress\/2015\/04\/26\/6067\/\">M\u00e9s<\/a><\/p>\n","protected":false},"author":1,"featured_media":0,"comment_status":"closed","ping_status":"closed","sticky":false,"template":"","format":"standard","meta":{"footnotes":""},"categories":[2,1],"tags":[],"class_list":["post-6067","post","type-post","status-publish","format-standard","hentry","category-noticies","category-uncategorized",""],"_links":{"self":[{"href":"https:\/\/memoriadelesilles.org\/wordpress\/wp-json\/wp\/v2\/posts\/6067","targetHints":{"allow":["GET"]}}],"collection":[{"href":"https:\/\/memoriadelesilles.org\/wordpress\/wp-json\/wp\/v2\/posts"}],"about":[{"href":"https:\/\/memoriadelesilles.org\/wordpress\/wp-json\/wp\/v2\/types\/post"}],"author":[{"embeddable":true,"href":"https:\/\/memoriadelesilles.org\/wordpress\/wp-json\/wp\/v2\/users\/1"}],"replies":[{"embeddable":true,"href":"https:\/\/memoriadelesilles.org\/wordpress\/wp-json\/wp\/v2\/comments?post=6067"}],"version-history":[{"count":0,"href":"https:\/\/memoriadelesilles.org\/wordpress\/wp-json\/wp\/v2\/posts\/6067\/revisions"}],"wp:attachment":[{"href":"https:\/\/memoriadelesilles.org\/wordpress\/wp-json\/wp\/v2\/media?parent=6067"}],"wp:term":[{"taxonomy":"category","embeddable":true,"href":"https:\/\/memoriadelesilles.org\/wordpress\/wp-json\/wp\/v2\/categories?post=6067"},{"taxonomy":"post_tag","embeddable":true,"href":"https:\/\/memoriadelesilles.org\/wordpress\/wp-json\/wp\/v2\/tags?post=6067"}],"curies":[{"name":"wp","href":"https:\/\/api.w.org\/{rel}","templated":true}]}}