{"id":6064,"date":"2015-04-26T17:22:39","date_gmt":"2015-04-26T17:22:39","guid":{"rendered":"http:\/\/www.memoriadelesilles.org\/wordpress\/?p=6064"},"modified":"2015-04-26T17:22:39","modified_gmt":"2015-04-26T17:22:39","slug":"dones-per-la-memoria","status":"publish","type":"post","link":"https:\/\/memoriadelesilles.org\/wordpress\/2015\/04\/26\/dones-per-la-memoria\/","title":{"rendered":"Dones per la Mem\u00f2ria"},"content":{"rendered":"<div style=\"color: #222222;\">Dimarts, dia\u00a0<b>28 d&#8217;abril, a les 20 hores, a la Sala Sacma (Manacor)<\/b>, Mem\u00f2ria de Mallorca \u00a0presenta: &#8220;<b>DONES PER LA MEM\u00d2RIA<\/b>&#8220;, organitzat pel col.lectiu Dones de Llevant i pel Comit\u00e8 de Son Coletes.<\/div>\n<div style=\"color: #222222;\">Un acte per recuperar la lluita i mem\u00f2ria de les dones v\u00edctimes de feixisme a Mallorca, amb les seves imatges reals pintades per Grosske i amb parlaments sobre cada una d&#8217;elles a c\u00e0rrec de Tomeu Gar\u00ed, T\u00f2nia Oliver Paris, Manel Su\u00e1rez i Toni Tugores.<\/div>\n<div style=\"color: #222222;\">Adjunt teniu el cartell amb tota la informaci\u00f3.<\/div>\n<div style=\"color: #222222;\">Tenir l&#8217;oportunitat de mirar les seves imatges reals i a l&#8217;hora escoltar la seva lluita \u00e9s una experi\u00e8ncia \u00fanica que vos recomenam<\/div>\n<div style=\"color: #222222;\"><\/div>\n<div style=\"color: #222222;\"><a href=\"http:\/\/www.memoriadelesilles.org\/wordpress\/wp-content\/uploads\/2015\/04\/Dones-per-la-Mem\u00f2ria-a-Manacor.jpg\"><img loading=\"lazy\" decoding=\"async\" class=\"alignnone size-large wp-image-6065\" src=\"http:\/\/www.memoriadelesilles.org\/wordpress\/wp-content\/uploads\/2015\/04\/Dones-per-la-Mem\u00f2ria-a-Manacor-768x1024.jpg\" alt=\"Dones per la Mem\u00f2ria a Manacor\" width=\"584\" height=\"778\" \/><\/a><\/div>\n","protected":false},"excerpt":{"rendered":"<p>Dimarts, dia\u00a028 d&#8217;abril, a les 20 hores, a la Sala Sacma (Manacor), Mem\u00f2ria de Mallorca \u00a0presenta: &#8220;DONES PER LA MEM\u00d2RIA&#8220;, &hellip; <a class=\"more-link\" href=\"https:\/\/memoriadelesilles.org\/wordpress\/2015\/04\/26\/dones-per-la-memoria\/\">M\u00e9s<\/a><\/p>\n","protected":false},"author":1,"featured_media":0,"comment_status":"closed","ping_status":"closed","sticky":false,"template":"","format":"standard","meta":{"footnotes":""},"categories":[2,1],"tags":[],"class_list":["post-6064","post","type-post","status-publish","format-standard","hentry","category-noticies","category-uncategorized",""],"_links":{"self":[{"href":"https:\/\/memoriadelesilles.org\/wordpress\/wp-json\/wp\/v2\/posts\/6064","targetHints":{"allow":["GET"]}}],"collection":[{"href":"https:\/\/memoriadelesilles.org\/wordpress\/wp-json\/wp\/v2\/posts"}],"about":[{"href":"https:\/\/memoriadelesilles.org\/wordpress\/wp-json\/wp\/v2\/types\/post"}],"author":[{"embeddable":true,"href":"https:\/\/memoriadelesilles.org\/wordpress\/wp-json\/wp\/v2\/users\/1"}],"replies":[{"embeddable":true,"href":"https:\/\/memoriadelesilles.org\/wordpress\/wp-json\/wp\/v2\/comments?post=6064"}],"version-history":[{"count":0,"href":"https:\/\/memoriadelesilles.org\/wordpress\/wp-json\/wp\/v2\/posts\/6064\/revisions"}],"wp:attachment":[{"href":"https:\/\/memoriadelesilles.org\/wordpress\/wp-json\/wp\/v2\/media?parent=6064"}],"wp:term":[{"taxonomy":"category","embeddable":true,"href":"https:\/\/memoriadelesilles.org\/wordpress\/wp-json\/wp\/v2\/categories?post=6064"},{"taxonomy":"post_tag","embeddable":true,"href":"https:\/\/memoriadelesilles.org\/wordpress\/wp-json\/wp\/v2\/tags?post=6064"}],"curies":[{"name":"wp","href":"https:\/\/api.w.org\/{rel}","templated":true}]}}