{"id":6060,"date":"2015-04-21T10:24:17","date_gmt":"2015-04-21T10:24:17","guid":{"rendered":"http:\/\/www.memoriadelesilles.org\/wordpress\/?p=6060"},"modified":"2015-04-21T10:24:17","modified_gmt":"2015-04-21T10:24:17","slug":"cinema-i-debat-amb-la-projeccio-del-documental-equi-y-notru-tiempo","status":"publish","type":"post","link":"https:\/\/memoriadelesilles.org\/wordpress\/2015\/04\/21\/cinema-i-debat-amb-la-projeccio-del-documental-equi-y-notru-tiempo\/","title":{"rendered":"Cinema i debat amb la  projecci\u00f3 del documental \u201cEQUI&#8217; Y N\u2019OTRU TIEMPO\u201d"},"content":{"rendered":"<p>23 abril,\u00a0Palma,\u00a019\u201915 hores\u00a0, a Cineciutat:<\/p>\n<p>SESSI\u00d3 DE CINEMA I DEBAT AMB LA PROJECCI\u00d3 DEL DOCUMENTAL \u201cEQUI&#8217; Y N\u2019OTRU TIEMPO\u201d, SUBTITULAT AL CASTELL\u00c0. Entre els mesos d\u2019octubre de 1937 i setembre de 1952 centenars de militants republicans continuaren la resist\u00e8ncia armada contra el franquisme. El documental es centre amb els grups de resist\u00e8ncia\u00a0 asturians, centenars d\u2019ells foren assassinats per les forces de assalt, de Falange i de la Gu\u00e0rdia Civil.<\/p>\n<p>Intervenen el seu director, Ram\u00f3n Llu\u00eds Bande.<br \/>\nMaria G\u00f3mez Garrido, membre d\u2019Anticapitalistes<br \/>\nDolors Mart\u00edn, organitzadora anual de la Marxa-Homenatge als maquis i membres de la CNT<br \/>\nPedro de Echave, documentalista de Mem\u00f2ria de Mallorca<br \/>\nMiquel Mascar\u00f3, representant de la Uni\u00f3 C\u00edvica per la Rep\u00fablica<br \/>\nOrganitza: Anticapitalistes, CNT, Mem\u00f2ria de Mallorca i UCXR.<\/p>\n<p><a href=\"http:\/\/www.memoriadelesilles.org\/wordpress\/wp-content\/uploads\/2015\/04\/cartell-documental-Equi.jpg\"><img loading=\"lazy\" decoding=\"async\" class=\"alignnone size-full wp-image-6061\" src=\"http:\/\/www.memoriadelesilles.org\/wordpress\/wp-content\/uploads\/2015\/04\/cartell-documental-Equi.jpg\" alt=\"cartell documental Equi'\" width=\"678\" height=\"960\" \/><\/a><\/p>\n","protected":false},"excerpt":{"rendered":"<p>23 abril,\u00a0Palma,\u00a019\u201915 hores\u00a0, a Cineciutat: SESSI\u00d3 DE CINEMA I DEBAT AMB LA PROJECCI\u00d3 DEL DOCUMENTAL \u201cEQUI&#8217; Y N\u2019OTRU TIEMPO\u201d, SUBTITULAT &hellip; <a class=\"more-link\" href=\"https:\/\/memoriadelesilles.org\/wordpress\/2015\/04\/21\/cinema-i-debat-amb-la-projeccio-del-documental-equi-y-notru-tiempo\/\">M\u00e9s<\/a><\/p>\n","protected":false},"author":1,"featured_media":0,"comment_status":"closed","ping_status":"closed","sticky":false,"template":"","format":"standard","meta":{"footnotes":""},"categories":[2,1],"tags":[],"class_list":["post-6060","post","type-post","status-publish","format-standard","hentry","category-noticies","category-uncategorized",""],"_links":{"self":[{"href":"https:\/\/memoriadelesilles.org\/wordpress\/wp-json\/wp\/v2\/posts\/6060","targetHints":{"allow":["GET"]}}],"collection":[{"href":"https:\/\/memoriadelesilles.org\/wordpress\/wp-json\/wp\/v2\/posts"}],"about":[{"href":"https:\/\/memoriadelesilles.org\/wordpress\/wp-json\/wp\/v2\/types\/post"}],"author":[{"embeddable":true,"href":"https:\/\/memoriadelesilles.org\/wordpress\/wp-json\/wp\/v2\/users\/1"}],"replies":[{"embeddable":true,"href":"https:\/\/memoriadelesilles.org\/wordpress\/wp-json\/wp\/v2\/comments?post=6060"}],"version-history":[{"count":0,"href":"https:\/\/memoriadelesilles.org\/wordpress\/wp-json\/wp\/v2\/posts\/6060\/revisions"}],"wp:attachment":[{"href":"https:\/\/memoriadelesilles.org\/wordpress\/wp-json\/wp\/v2\/media?parent=6060"}],"wp:term":[{"taxonomy":"category","embeddable":true,"href":"https:\/\/memoriadelesilles.org\/wordpress\/wp-json\/wp\/v2\/categories?post=6060"},{"taxonomy":"post_tag","embeddable":true,"href":"https:\/\/memoriadelesilles.org\/wordpress\/wp-json\/wp\/v2\/tags?post=6060"}],"curies":[{"name":"wp","href":"https:\/\/api.w.org\/{rel}","templated":true}]}}