{"id":6054,"date":"2015-04-16T09:58:54","date_gmt":"2015-04-16T09:58:54","guid":{"rendered":"http:\/\/www.memoriadelesilles.org\/wordpress\/?p=6054"},"modified":"2015-04-16T09:58:54","modified_gmt":"2015-04-16T09:58:54","slug":"presentacio-del-llibre-la-fossa-dels-mariandos-obrir-per-tancar-ferides-de-omeu-gari","status":"publish","type":"post","link":"https:\/\/memoriadelesilles.org\/wordpress\/2015\/04\/16\/presentacio-del-llibre-la-fossa-dels-mariandos-obrir-per-tancar-ferides-de-omeu-gari\/","title":{"rendered":"Presentaci\u00f3 del llibre  &#8220;La fossa dels mariandos, obrir per tancar ferides&#8221; de omeu Gar\u00ed."},"content":{"rendered":"<p><span style=\"color: #222222;\">Presentaci\u00f3 del llibre de Tomeu Gar\u00ed, historiador i vocal de Mem\u00f2ria de Mallorca, &#8220;La fossa dels mariandos, obrir per tancar ferides&#8221;. \u00a024 abril a les 20:00. Escola de Dalt. Maria de la Salut<\/span><\/p>\n<p><a href=\"http:\/\/www.memoriadelesilles.org\/wordpress\/wp-content\/uploads\/2015\/04\/CONVIT_les-foosesmariandos_1.jpg\"><img loading=\"lazy\" decoding=\"async\" class=\"alignnone size-large wp-image-6055\" src=\"http:\/\/www.memoriadelesilles.org\/wordpress\/wp-content\/uploads\/2015\/04\/CONVIT_les-foosesmariandos_1-1024x483.jpg\" alt=\"CONVIT_les foosesmariandos.fh8\" width=\"584\" height=\"275\" \/><\/a><\/p>\n","protected":false},"excerpt":{"rendered":"<p>Presentaci\u00f3 del llibre de Tomeu Gar\u00ed, historiador i vocal de Mem\u00f2ria de Mallorca, &#8220;La fossa dels mariandos, obrir per tancar &hellip; <a class=\"more-link\" href=\"https:\/\/memoriadelesilles.org\/wordpress\/2015\/04\/16\/presentacio-del-llibre-la-fossa-dels-mariandos-obrir-per-tancar-ferides-de-omeu-gari\/\">M\u00e9s<\/a><\/p>\n","protected":false},"author":1,"featured_media":0,"comment_status":"closed","ping_status":"closed","sticky":false,"template":"","format":"standard","meta":{"footnotes":""},"categories":[2,1],"tags":[],"class_list":["post-6054","post","type-post","status-publish","format-standard","hentry","category-noticies","category-uncategorized",""],"_links":{"self":[{"href":"https:\/\/memoriadelesilles.org\/wordpress\/wp-json\/wp\/v2\/posts\/6054","targetHints":{"allow":["GET"]}}],"collection":[{"href":"https:\/\/memoriadelesilles.org\/wordpress\/wp-json\/wp\/v2\/posts"}],"about":[{"href":"https:\/\/memoriadelesilles.org\/wordpress\/wp-json\/wp\/v2\/types\/post"}],"author":[{"embeddable":true,"href":"https:\/\/memoriadelesilles.org\/wordpress\/wp-json\/wp\/v2\/users\/1"}],"replies":[{"embeddable":true,"href":"https:\/\/memoriadelesilles.org\/wordpress\/wp-json\/wp\/v2\/comments?post=6054"}],"version-history":[{"count":0,"href":"https:\/\/memoriadelesilles.org\/wordpress\/wp-json\/wp\/v2\/posts\/6054\/revisions"}],"wp:attachment":[{"href":"https:\/\/memoriadelesilles.org\/wordpress\/wp-json\/wp\/v2\/media?parent=6054"}],"wp:term":[{"taxonomy":"category","embeddable":true,"href":"https:\/\/memoriadelesilles.org\/wordpress\/wp-json\/wp\/v2\/categories?post=6054"},{"taxonomy":"post_tag","embeddable":true,"href":"https:\/\/memoriadelesilles.org\/wordpress\/wp-json\/wp\/v2\/tags?post=6054"}],"curies":[{"name":"wp","href":"https:\/\/api.w.org\/{rel}","templated":true}]}}