{"id":6042,"date":"2015-04-14T13:40:48","date_gmt":"2015-04-14T13:40:48","guid":{"rendered":"http:\/\/www.memoriadelesilles.org\/wordpress\/?p=6042"},"modified":"2015-04-14T13:40:48","modified_gmt":"2015-04-14T13:40:48","slug":"ii-ruta-historia-i-cultural-palma-republicana","status":"publish","type":"post","link":"https:\/\/memoriadelesilles.org\/wordpress\/2015\/04\/14\/ii-ruta-historia-i-cultural-palma-republicana\/","title":{"rendered":"II Ruta hist\u00f2ria i cultural &#8220;Palma Republicana&#8221;"},"content":{"rendered":"<div style=\"color: #444444;\"><a href=\"http:\/\/www.memoriadelesilles.org\/wordpress\/wp-content\/uploads\/2015\/04\/cartell-republicana.png\"><img loading=\"lazy\" decoding=\"async\" class=\"alignnone size-large wp-image-6043\" src=\"http:\/\/www.memoriadelesilles.org\/wordpress\/wp-content\/uploads\/2015\/04\/cartell-republicana-724x1024.png\" alt=\"cartell republicana\" width=\"584\" height=\"825\" \/><\/a><\/div>\n<div style=\"color: #444444;\"><span style=\"font-size: large;\">A BICIUTAT tornam a organitzar un recorregut guiat i comentat en bicicleta pel centre hist\u00f2ric i l&#8217;Eixample de Palma.\u00a0<\/span><\/div>\n<div style=\"color: #444444;\"><span style=\"font-size: large;\">\u00a0<\/span><\/div>\n<div style=\"color: #444444;\"><span style=\"font-size: large;\">S&#8217;hi faran aturades als llocs relacionats amb fets o personatges rellevants i relacionats amb la Segona Rep\u00fablica espanyola.<\/span><\/div>\n<div style=\"color: #444444;\"><span style=\"color: #ffffff;\"><span style=\"font-size: large;\">:<\/span><\/span><\/div>\n<div style=\"color: #444444;\">\n<div><strong style=\"color: #000000;\">DIUMENGE, 19 d&#8217;abril del 2015<\/strong><\/div>\n<div><span style=\"font-size: large;\">Sortida:\u00a0<strong style=\"color: #000000;\">Pla\u00e7a de Cort, 10,30 h.\u00a0<\/strong><\/span><\/div>\n<div><span style=\"font-size: large;\">Durada aproximada: 3 h.<\/span><\/div>\n<div><span style=\"font-size: large;\">Nivell de dificultat: baix.<\/span><\/div>\n<div><\/div>\n<div>\n<div style=\"color: #222222;\">\n<div><span style=\"color: #333333;\"><span style=\"font-size: large;\">Els punts d\u2019inter\u00e8s s\u00f3n: la Pla\u00e7a de Cort, la casa d\u2019Emili Darder, les escoles Finestres Verdes i Jaume I, la Casa del Poble, el Teatre Principal, el Consolat de Mar i el Mur de la Mem\u00f2ria.<\/span><\/span><\/div>\n<div><\/div>\n<div>\n<div><b>WEB OFICIAL<\/b>\u00a0<a style=\"color: #1155cc;\" href=\"http:\/\/biciutat.wordpress.com\/\" target=\"_blank\">http:\/\/biciutat.<wbr><\/wbr>wordpress.com<\/a><\/div>\n<div><a href=\"http:\/\/www.memoriadelesilles.org\/wordpress\/wp-content\/uploads\/2015\/04\/II_RUTA_EN_BICICLETA_PALMA_REPUBLICANA19-4-15.jpg\"><img loading=\"lazy\" decoding=\"async\" class=\"alignnone size-full wp-image-6044\" src=\"http:\/\/www.memoriadelesilles.org\/wordpress\/wp-content\/uploads\/2015\/04\/II_RUTA_EN_BICICLETA_PALMA_REPUBLICANA19-4-15.jpg\" alt=\"II_RUTA_EN_BICICLETA_PALMA_REPUBLICANA(19-4-15)\" width=\"507\" height=\"700\" \/><\/a><\/div>\n<\/div>\n<\/div>\n<\/div>\n<\/div>\n","protected":false},"excerpt":{"rendered":"<p>A BICIUTAT tornam a organitzar un recorregut guiat i comentat en bicicleta pel centre hist\u00f2ric i l&#8217;Eixample de Palma.\u00a0 \u00a0 &hellip; <a class=\"more-link\" href=\"https:\/\/memoriadelesilles.org\/wordpress\/2015\/04\/14\/ii-ruta-historia-i-cultural-palma-republicana\/\">M\u00e9s<\/a><\/p>\n","protected":false},"author":1,"featured_media":0,"comment_status":"closed","ping_status":"closed","sticky":false,"template":"","format":"standard","meta":{"footnotes":""},"categories":[2,1],"tags":[],"class_list":["post-6042","post","type-post","status-publish","format-standard","hentry","category-noticies","category-uncategorized",""],"_links":{"self":[{"href":"https:\/\/memoriadelesilles.org\/wordpress\/wp-json\/wp\/v2\/posts\/6042","targetHints":{"allow":["GET"]}}],"collection":[{"href":"https:\/\/memoriadelesilles.org\/wordpress\/wp-json\/wp\/v2\/posts"}],"about":[{"href":"https:\/\/memoriadelesilles.org\/wordpress\/wp-json\/wp\/v2\/types\/post"}],"author":[{"embeddable":true,"href":"https:\/\/memoriadelesilles.org\/wordpress\/wp-json\/wp\/v2\/users\/1"}],"replies":[{"embeddable":true,"href":"https:\/\/memoriadelesilles.org\/wordpress\/wp-json\/wp\/v2\/comments?post=6042"}],"version-history":[{"count":0,"href":"https:\/\/memoriadelesilles.org\/wordpress\/wp-json\/wp\/v2\/posts\/6042\/revisions"}],"wp:attachment":[{"href":"https:\/\/memoriadelesilles.org\/wordpress\/wp-json\/wp\/v2\/media?parent=6042"}],"wp:term":[{"taxonomy":"category","embeddable":true,"href":"https:\/\/memoriadelesilles.org\/wordpress\/wp-json\/wp\/v2\/categories?post=6042"},{"taxonomy":"post_tag","embeddable":true,"href":"https:\/\/memoriadelesilles.org\/wordpress\/wp-json\/wp\/v2\/tags?post=6042"}],"curies":[{"name":"wp","href":"https:\/\/api.w.org\/{rel}","templated":true}]}}