{"id":6040,"date":"2015-04-14T13:38:47","date_gmt":"2015-04-14T13:38:47","guid":{"rendered":"http:\/\/www.memoriadelesilles.org\/wordpress\/?p=6040"},"modified":"2015-04-14T13:38:47","modified_gmt":"2015-04-14T13:38:47","slug":"celebracio-del-lxxxiv-aniversari-de-la-proclamacio-de-la-ii-republica-espanyola","status":"publish","type":"post","link":"https:\/\/memoriadelesilles.org\/wordpress\/2015\/04\/14\/celebracio-del-lxxxiv-aniversari-de-la-proclamacio-de-la-ii-republica-espanyola\/","title":{"rendered":"Celebraci\u00f3 del LXXXIV aniversari de la proclamaci\u00f3 de la II Rep\u00fablica Espanyola"},"content":{"rendered":"<p><strong>Celebraci\u00f3 del LXXXIV aniversari de la proclamaci\u00f3 de la II Rep\u00fablica Espanyola<\/strong><\/p>\n<p><strong>Commemoraci\u00f3 del LXXXIV Aniversari de la II Rep\u00fablica Espanyola<\/strong><\/p>\n<p>Trobada-debat amb:<\/p>\n<p><strong>Jos\u00e9 Andr\u00e9s Torres Mora \u201cIgualtat i valors republicans\u201d<br \/>\n<\/strong>Organitza: Cercle Progressista de Debat<\/p>\n<p>Dia: divendres 24 d&#8217;abril \u00a0\u00a0\u00a0\u00a0\u00a0\u00a0Hora: a partir de les 20\u201900 hores<br \/>\nLOCAL DE LA TROBADA I SOPAR: Restaurant Casa Jacinto, G\u00e8nova, Palma<br \/>\nPreu: 23\u201900 \u20ac<\/p>\n<p>Per confirmar assist\u00e8ncia b\u00e9 per email o tel\u00e8fon\u00a0<a href=\"tel:600%20589%20704\">600 589 704<\/a><\/p>\n","protected":false},"excerpt":{"rendered":"<p>Celebraci\u00f3 del LXXXIV aniversari de la proclamaci\u00f3 de la II Rep\u00fablica Espanyola Commemoraci\u00f3 del LXXXIV Aniversari de la II Rep\u00fablica &hellip; <a class=\"more-link\" href=\"https:\/\/memoriadelesilles.org\/wordpress\/2015\/04\/14\/celebracio-del-lxxxiv-aniversari-de-la-proclamacio-de-la-ii-republica-espanyola\/\">M\u00e9s<\/a><\/p>\n","protected":false},"author":1,"featured_media":0,"comment_status":"closed","ping_status":"closed","sticky":false,"template":"","format":"standard","meta":{"footnotes":""},"categories":[2,1],"tags":[],"class_list":["post-6040","post","type-post","status-publish","format-standard","hentry","category-noticies","category-uncategorized",""],"_links":{"self":[{"href":"https:\/\/memoriadelesilles.org\/wordpress\/wp-json\/wp\/v2\/posts\/6040","targetHints":{"allow":["GET"]}}],"collection":[{"href":"https:\/\/memoriadelesilles.org\/wordpress\/wp-json\/wp\/v2\/posts"}],"about":[{"href":"https:\/\/memoriadelesilles.org\/wordpress\/wp-json\/wp\/v2\/types\/post"}],"author":[{"embeddable":true,"href":"https:\/\/memoriadelesilles.org\/wordpress\/wp-json\/wp\/v2\/users\/1"}],"replies":[{"embeddable":true,"href":"https:\/\/memoriadelesilles.org\/wordpress\/wp-json\/wp\/v2\/comments?post=6040"}],"version-history":[{"count":0,"href":"https:\/\/memoriadelesilles.org\/wordpress\/wp-json\/wp\/v2\/posts\/6040\/revisions"}],"wp:attachment":[{"href":"https:\/\/memoriadelesilles.org\/wordpress\/wp-json\/wp\/v2\/media?parent=6040"}],"wp:term":[{"taxonomy":"category","embeddable":true,"href":"https:\/\/memoriadelesilles.org\/wordpress\/wp-json\/wp\/v2\/categories?post=6040"},{"taxonomy":"post_tag","embeddable":true,"href":"https:\/\/memoriadelesilles.org\/wordpress\/wp-json\/wp\/v2\/tags?post=6040"}],"curies":[{"name":"wp","href":"https:\/\/api.w.org\/{rel}","templated":true}]}}