{"id":6033,"date":"2015-04-07T07:32:29","date_gmt":"2015-04-07T07:32:29","guid":{"rendered":"http:\/\/www.memoriadelesilles.org\/wordpress\/?p=6033"},"modified":"2015-04-07T07:32:29","modified_gmt":"2015-04-07T07:32:29","slug":"revista-temps-de-la-memoria-numero-33","status":"publish","type":"post","link":"https:\/\/memoriadelesilles.org\/wordpress\/2015\/04\/07\/revista-temps-de-la-memoria-numero-33\/","title":{"rendered":"Revista &#8220;Temps de la Mem\u00f2ria&#8221; n\u00famero 33"},"content":{"rendered":"<p><a href=\"http:\/\/www.memoriadelesilles.org\/wordpress\/wp-content\/uploads\/2015\/04\/temps_de_la_memoria_33.png\"><img loading=\"lazy\" decoding=\"async\" class=\"alignnone size-large wp-image-6035\" src=\"http:\/\/www.memoriadelesilles.org\/wordpress\/wp-content\/uploads\/2015\/04\/temps_de_la_memoria_33.png\" alt=\"temps_de_la_memoria_33\" width=\"584\" height=\"228\" \/><\/a><\/p>\n<p>Trobareu el n\u00famero 33 de la revista &#8220;Temps de la mem\u00f2ria&#8221; al seg\u00fcent enlla\u00e7:\u00a0<a href=\"http:\/\/www.memoriadelesilles.org\/wordpress\/wp-content\/uploads\/2015\/04\/MdM-revista-33.pdf\">MdM revista 33<\/a><\/p>\n","protected":false},"excerpt":{"rendered":"<p>Trobareu el n\u00famero 33 de la revista &#8220;Temps de la mem\u00f2ria&#8221; al seg\u00fcent enlla\u00e7:\u00a0MdM revista 33<\/p>\n","protected":false},"author":1,"featured_media":0,"comment_status":"closed","ping_status":"closed","sticky":false,"template":"","format":"standard","meta":{"footnotes":""},"categories":[2,1],"tags":[],"class_list":["post-6033","post","type-post","status-publish","format-standard","hentry","category-noticies","category-uncategorized",""],"_links":{"self":[{"href":"https:\/\/memoriadelesilles.org\/wordpress\/wp-json\/wp\/v2\/posts\/6033","targetHints":{"allow":["GET"]}}],"collection":[{"href":"https:\/\/memoriadelesilles.org\/wordpress\/wp-json\/wp\/v2\/posts"}],"about":[{"href":"https:\/\/memoriadelesilles.org\/wordpress\/wp-json\/wp\/v2\/types\/post"}],"author":[{"embeddable":true,"href":"https:\/\/memoriadelesilles.org\/wordpress\/wp-json\/wp\/v2\/users\/1"}],"replies":[{"embeddable":true,"href":"https:\/\/memoriadelesilles.org\/wordpress\/wp-json\/wp\/v2\/comments?post=6033"}],"version-history":[{"count":0,"href":"https:\/\/memoriadelesilles.org\/wordpress\/wp-json\/wp\/v2\/posts\/6033\/revisions"}],"wp:attachment":[{"href":"https:\/\/memoriadelesilles.org\/wordpress\/wp-json\/wp\/v2\/media?parent=6033"}],"wp:term":[{"taxonomy":"category","embeddable":true,"href":"https:\/\/memoriadelesilles.org\/wordpress\/wp-json\/wp\/v2\/categories?post=6033"},{"taxonomy":"post_tag","embeddable":true,"href":"https:\/\/memoriadelesilles.org\/wordpress\/wp-json\/wp\/v2\/tags?post=6033"}],"curies":[{"name":"wp","href":"https:\/\/api.w.org\/{rel}","templated":true}]}}