{"id":6027,"date":"2015-04-03T21:54:39","date_gmt":"2015-04-03T21:54:39","guid":{"rendered":"http:\/\/www.memoriadelesilles.org\/wordpress\/?p=6027"},"modified":"2015-04-03T21:54:39","modified_gmt":"2015-04-03T21:54:39","slug":"agenda-actes-abril-per-la-memoria","status":"publish","type":"post","link":"https:\/\/memoriadelesilles.org\/wordpress\/2015\/04\/03\/agenda-actes-abril-per-la-memoria\/","title":{"rendered":"Agenda actes Abril per la Mem\u00f2ria"},"content":{"rendered":"<p><span style=\"color: #222222;\">Vos adjuntam l&#8217;agenda d&#8217;actes d&#8217;abril 2015 per la Mem\u00f2ria, programats per diferents col\u00b7lectius i particulars. N&#8217;hi ha molts i variats, com sols passar els mesos d&#8217;abril de cada any, i aix\u00f2 \u00e9s bo i positiu. Com m\u00e9s siguem m\u00e9s riurem i m\u00e9s for\u00e7a tindrem. Segurament en falten, hem posat els que ens han fet arribar a la nostra Associaci\u00f3. L&#8217;agenda es publicar\u00e0 tamb\u00e9 a la nostra revista Temps de la Mem\u00f2ria que sortir\u00e0 properament.\u00a0<\/span><\/p>\n<p><span style=\"color: #800000;\"><strong>1 abril, Alar\u00f3, a Addaya Centre d\u2019Art Contemporani, darrers dies, fins el dia 11 d\u2019abril<\/strong>:<\/span><\/p>\n<ul>\n<li><strong style=\"color: #000000; font-style: normal;\"><span style=\"color: #800000;\">EXPOSICI\u00d3 FOTOGR\u00c1FICA: EL M\u00d3N DELS VEN\u00c7EDORS<\/span>\u00a0<\/strong><\/li>\n<\/ul>\n<p>De Ignasi Prat.<br \/>\nA partir de la inquietud generada per la novel\u00b7la \u201cMala gente que camina\u201d de Benjam\u00edn Prado (Alfaguara, 2006), motivat per la brutalitat de la repressi\u00f3 franquista i sobretot per la impunitat irreversible de qu\u00e8 ha gaudit, Ignasi Prat s\u2019endinsa en una arqueologia hist\u00f2rica del franquisme basada en la recuperaci\u00f3 est\u00e8tica de les fa\u00e7anes de les cases dels m\u00e0xims responsables del r\u00e8gim i la repressi\u00f3 que van dur a terme<\/p>\n<p>Exposici\u00f3 comissariada per \u00c0lex Brahim<\/p>\n<hr \/>\n<p>&nbsp;<\/p>\n<p><span style=\"color: #800000;\"><strong>1 abril, Palma, a les 19\u201930 hores, al Casal Argenti, Pla\u00e7a Major, 10, 10-GA<\/strong><\/span><\/p>\n<ul>\n<li><strong style=\"color: #800000; font-style: normal;\">DOCUMENTAL: SERE MEMORIA.<\/strong><\/li>\n<\/ul>\n<p>Documental sobre el centre de detenci\u00f3 clandest\u00ed durant la dictadura argentina, \u201c La Mansi\u00f3n Sere\u201d i sobre la fuga de quatre detinguts.<br \/>\nDebat amb la pres\u00e8ncia del seu autor i director Chistian Gil.<\/p>\n<p>Organitza: Casal Argenti.<\/p>\n<hr \/>\n<p>&nbsp;<\/p>\n<p><span style=\"color: #800000;\"><strong>4 abril, Palma, a les 12 hores, a la Pla\u00e7a Major:<\/strong><\/span><\/p>\n<ul>\n<li><strong style=\"font-style: normal; color: #800000;\">15a CONCENTRACI\u00d3 MENSUAL PER LA VERITAT, JUST\u00cdCIA I REPARACI\u00d3<\/strong><\/li>\n<\/ul>\n<p>Aquesta concentraci\u00f3 la volem dedicar especialment a totes aquelles persones que lluitaren per la legalitat republicana, amb torns de paraula oberts i marxa cap a la Pla\u00e7a de Cort, on des del balc\u00f3 de l\u2019Ajuntament de Palma, aquell 14 d\u2019abril de 1931, es proclam\u00e0 la 2a Rep\u00fablica.<\/p>\n<p>Organitza: Entitats per la Mem\u00f2ria i la Just\u00edcia de Mallorca<\/p>\n<hr \/>\n<p>&nbsp;<\/p>\n<p><span style=\"color: #800000;\"><strong>4 abril, Porreres, a les 16 hores, a la Pla\u00e7a de la Vila:<\/strong><\/span><\/p>\n<ul>\n<li><span style=\"color: #800000;\"><strong>RUTA DE LA MEM\u00d2RIA A PORRERES<\/strong><\/span>, guiada per l\u2019historiador Tomeu Gar\u00ed, un recorregut pels escenaris m\u00e9s importants de la repressi\u00f3 de la Guerra Civil i la Postguerra.<\/li>\n<\/ul>\n<p>Organitza: Assemblea Popular de Porreres<br \/>\nCol\u00b7labora : Xeremiers de Porreres<\/p>\n<p>Esdeveniment: : https:\/\/www.facebook.com\/events\/854159037955947\/<\/p>\n<hr \/>\n<p>&nbsp;<\/p>\n<p><span style=\"color: #800000;\"><strong>8 abril, Alc\u00fadia, a les 18 hores, Esplanada Cementiri Municipal:<\/strong><\/span><\/p>\n<ul>\n<li><strong style=\"color: #800000; font-style: normal;\">HOMENETGE A LES V\u00cdCTIMES DE LA REPRESSI\u00d3 FRANQUISTA<\/strong><\/li>\n<\/ul>\n<p>Lectura manifest.<br \/>\nLectura dels noms de les v\u00edctimes de la repressi\u00f3 franquista d\u2019Alc\u00fadia.<\/p>\n<p>Organitza: Col\u00b7lectiu Moviment Alcudienc<\/p>\n<hr \/>\n<p>&nbsp;<\/p>\n<p><span style=\"color: #800000;\"><strong>9 abril, Manacor, a les 20 hores, a l\u2019Espai Na Camel.la:<\/strong><\/span><\/p>\n<ul>\n<li><strong style=\"color: #000000; font-style: normal;\"><span style=\"color: #800000;\">CONFER\u00c8NCIA \u201cLA FOSSA DELS MARIANDOS: OBRIR PER TANCAR L\u2019HIST\u00d2RIA\u201d<\/span>,<\/strong> amb projecci\u00f3 d\u2019imatges, a c\u00e0rrec de Tomeu Gar\u00ed, historiador i vocal de Mem\u00f2ria de Mallorca.<\/li>\n<\/ul>\n<p>Organitza: Comit\u00e8 de Son Coletes<\/p>\n<hr \/>\n<p>&nbsp;<\/p>\n<p><span style=\"color: #800000;\"><strong>10 abril, Sencelles, a les 20 hores, al Casal Can Grau:<\/strong><\/span><\/p>\n<ul>\n<li><span style=\"color: #800000;\"><strong>CONFER\u00c8NCIA \u201cEL MAPA DE FOSSES DE LA REPRESSI\u00d3 A MALLORCA. SENCELLES, MARTIRI I PASSEJOS\u201d,<\/strong><\/span> a c\u00e0rrec de Tonina Mercadal i Manel Su\u00e1rez, secret\u00e0ria i vicepresident de Mem\u00f2ria de Mallorca respectivament.<\/li>\n<\/ul>\n<p>Organitza: Delegaci\u00f3 de Sencelles de l\u2019OCB.<\/p>\n<hr \/>\n<p>&nbsp;<\/p>\n<p><span style=\"color: #800000;\"><strong>11 abril, Porreres, a les 12 hores, al Rac\u00f3 de la Mem\u00f2ria:<\/strong><\/span><\/p>\n<ul>\n<li><strong style=\"color: #800000; font-style: normal;\">ACTE HOMENATGE A LES V\u00cdCTIMES DE LA REPRESSI\u00d3 FRANQUISTA.<\/strong><\/li>\n<\/ul>\n<p>Ponent: Manel Su\u00e1rez, professor i vicepresident de Mem\u00f2ria de Mallorca.<br \/>\nOrganitza: Ajuntament de Porreres i Comissi\u00f3 per recordar a les v\u00edctimes que lluitaren per la 2a Rep\u00fablica.<br \/>\nCol\u00b7labora: Associaci\u00f3 Mem\u00f2ria de Mallorca i Xeremiers de Porreres.<\/p>\n<hr \/>\n<p>&nbsp;<\/p>\n<p><span style=\"color: #800000;\"><strong>11 abril, Calvi\u00e0, a les 17 hores, al Bosc de la Mem\u00f2ria:<\/strong><\/span><\/p>\n<ul>\n<li><strong style=\"color: #800000; font-style: normal;\">HOMENATGE A LES V\u00cdCTIMES DEL FEIXISME:<\/strong><\/li>\n<\/ul>\n<p>Lectura manifest, a c\u00e0rrec de Maria Ant\u00f2nia Oliver, presidenta de Mem\u00f2ria de Mallorca.<br \/>\nTorn obert de paraula.<br \/>\nOfrena floral.<br \/>\nAmanitzaci\u00f3 musical.<\/p>\n<p>Organitza: Mem\u00f2ria Hist\u00f2rica de Mallorca a Calvi\u00e0.<\/p>\n<hr \/>\n<p>&nbsp;<\/p>\n<p><span style=\"color: #800000;\"><strong>12 abril, Manacor, 12 hores, al cementiri de Son Coletes:<\/strong><\/span><\/p>\n<ul>\n<li><strong style=\"color: #000000; font-style: normal;\"><span style=\"color: #800000;\">ACTE HOMENATGE ALS REPUBLICANS A LA ZONA DE MANACOR<\/span>.<\/strong> Amb torns de paraules\u00a0breus, m\u00fasica, poemes, xeremiers, amollada de coloms i lectura del manifest del Col\u00b7lectiu Son Coletes.<\/li>\n<\/ul>\n<p>Organitza: Comit\u00e8 de Son Coletes.<\/p>\n<hr \/>\n<p>&nbsp;<\/p>\n<p><span style=\"color: #800000;\"><strong>13 abril, Alar\u00f3, a les 23 hores, a la Pla\u00e7a de la Vila:<\/strong><\/span><\/p>\n<ul>\n<li><strong style=\"color: #800000; font-style: normal;\">PENJADA DE PANCARTA HOMENATGE A LA II REP\u00daBLICA A LA PLA\u00c7A DE LA VILA<\/strong><span style=\"color: #800000;\">.<\/span><\/li>\n<\/ul>\n<p>Organitza: Alar\u00f3 per la Mem\u00f2ria Hist\u00f2rica<\/p>\n<hr \/>\n<p>&nbsp;<\/p>\n<p><span style=\"color: #800000;\"><strong>14 abril, Palma, a les 19 hores, a la Pla\u00e7a d\u2019Espanya:<\/strong><\/span><\/p>\n<ul>\n<li><strong style=\"color: #800000; font-style: normal;\">PROCLAMACI\u00d3 DE LA II REP\u00daBLICA<\/strong><\/li>\n<\/ul>\n<p>La perspectiva dels joves sobre la vig\u00e8ncia de la Rep\u00fablica avui, a c\u00e0rrec de joves de diferents moviments socials.<br \/>\nLectura manifest de l\u2019Assemblea Republicana, a c\u00e0rrec de dones de familiars de v\u00edctimes del feixisme, es presentaran cada una d\u2019elles citant el delicte com\u00e8s contra les seves fam\u00edlies.<br \/>\nM\u00fasica i can\u00e7ons republicanes a c\u00e0rrec de Aparicio.<\/p>\n<p>Organitza: Assemblea Republicana de Mallorca<\/p>\n<hr \/>\n<p>&nbsp;<\/p>\n<p><span style=\"color: #800000;\"><strong>14 abril, Pollen\u00e7a, a les 19 hores, a la Pla\u00e7a dels Seglars:<\/strong><\/span><\/p>\n<ul>\n<li><strong style=\"color: #800000; font-style: normal;\">Homenatge a la Rep\u00fablica i a les v\u00edctimes de la repressi\u00f3 feixista de Pollen\u00e7a.\u00a0<\/strong><\/li>\n<\/ul>\n<p><span style=\"color: #800000;\"> <strong>Ofrena Floral<\/strong><\/span><br \/>\nLectura manifest, a c\u00e0rrec de Tonina Mercadal de Mem\u00f2ria de Mallorca.<\/p>\n<p>Organitza: M\u00c9S i Alternativa per Pollen\u00e7a.<\/p>\n<hr \/>\n<p>&nbsp;<\/p>\n<p><span style=\"color: #800000;\"><strong>14 abril, Santa Maria, a les 18 hores, al cementiri municipal:<\/strong><\/span><\/p>\n<ul>\n<li><strong style=\"color: #800000; font-style: normal;\">HOMENATGE EN ELS REPUBLICANS DE SANTA MARIA I ALS ASSASSINATS AL CEMENTIRI DE SANTA MARIA<\/strong><span style=\"color: #800000;\">:<\/span><\/li>\n<\/ul>\n<p>Lliurament de Placa a Joan Morro Serra pel seu comprom\u00eds i ajuda continuada als \u201cNorats\u201d durant els 13 anys que resistiren al franquisme amagats per la muntanya.<br \/>\nParlament a c\u00e0rrec de Xavier Margais<br \/>\nOfrena floral<br \/>\nM\u00fasica dels Xeremiers<\/p>\n<p>Organitza: Comissi\u00f3 14 d\u2019abril de Santa Maria.<\/p>\n<hr \/>\n<p>&nbsp;<\/p>\n<p><span style=\"color: #800000;\"><strong>23 abril, Palma, 19\u201930 hores , a Cineciutat:<\/strong><\/span><\/p>\n<ul>\n<li><span style=\"color: #800000;\"><strong>SESSI\u00d3 DE CINEMA I DEBAT AMB LA PROJECCI\u00d3 DEL DOCUMENTAL \u201cEQUI Y N\u2019OTRU TIEMPO\u201d<\/strong>,<\/span> SUBTITULAT AL CASTELL\u00c0. Entre els mesos d\u2019octubre de 1937 i setembre de 1952 centenars de militants republicans continuaren la resist\u00e8ncia armada contra el franquisme. El documental es centre amb els grups de resist\u00e8ncia asturians, centenars d\u2019ells foren assassinats per les forces d\u2019assalt, de Falange i de la Gu\u00e0rdia Civil.<\/li>\n<\/ul>\n<p>Intervenen el seu director, Ram\u00f3n Llu\u00eds Bande.<br \/>\nMaria G\u00f3mez Garrido, membre d\u2019Anticapitalistes<br \/>\nDolors Mart\u00edn, organitzadora anual de la Marxa-Homenatge als maquis i membres de la CNT<br \/>\nMaria Ant\u00f2nia Oliver Paris, representant de Mem\u00f2ria de Mallorca<br \/>\nMiquel Mascar\u00f3, representant de la Uni\u00f3 C\u00edvica per la Rep\u00fablica<\/p>\n<p>Organitza: Anticapitalistes, CNT, Associaci\u00f3 Mem\u00f2ria de Mallorca i UCXR<\/p>\n<hr \/>\n<p>&nbsp;<\/p>\n<p><span style=\"color: #800000;\"><strong>24 abril, Palma, a les 18-20 hores, a Can Salas:<\/strong><\/span><\/p>\n<ul>\n<li><strong style=\"color: #800000; font-style: normal;\">\u201dLES DONES INCONVENIENTS<\/strong><span style=\"color: #800000;\">\u201d<\/span><\/li>\n<\/ul>\n<p>A c\u00e0rrec de:<br \/>\nElena Herrera de la CGT (Dones i mon laboral).<br \/>\nMaria Ant\u00f2nia Oliver de Mem\u00f2ria de Mallorca (Dones represaliades pel franquisme)<br \/>\nLola de la Llibreria-perruqueria Los Oficios Terrestes (Mujeres en la Literatura)<br \/>\nOlga Vi\u00f1uales, antrop\u00f2loga i escriptora (Sexualidades no normativas, c\u00e1rcel y BDSM)<\/p>\n<p>Organitza: Associaci\u00f3 Ben Amics<\/p>\n<hr \/>\n<p>&nbsp;<\/p>\n<p><span style=\"color: #800000;\"><strong>24 abril, Maria de la Salut, a les a les 20 hores, a les Escoles Velles:<\/strong><\/span><\/p>\n<ul>\n<li><strong style=\"color: #800000; font-style: normal;\">PRESENTACI\u00d3 LLIBRE: LA FOSSA DELS MARIANDOS. OBRIR PER TANCAR L\u2019HIST\u00d2RIA.<\/strong><\/li>\n<\/ul>\n<p>A c\u00e0rrec del seu autor, l\u2019historiador i vocal de Mem\u00f2ria de Mallorca, Bartomeu Gar\u00ed<\/p>\n<p>Organitza: Ajuntament Maria de la Salut.<\/p>\n<hr \/>\n<p>&nbsp;<\/p>\n<p><span style=\"color: #800000;\"><strong>28 abril, Manacor, a les 20 hores, a la Sala Sacma:<\/strong><\/span><\/p>\n<ul>\n<li><strong style=\"color: #800000; font-style: normal;\">EXPOCISI\u00d3 I XERRADA \u201cDONES PER LA MEM\u00d2RIA\u201d.<\/strong><\/li>\n<\/ul>\n<p>Exposici\u00f3 pict\u00f2rica d\u2019Eberhard Grosske. Sis retrats de dones que foren assassinades a Mallorca pels feixistes. Dones compromeses i representatives a la nostra illa: Aurora Picornell, Matilde Landa, Daria Buxad\u00e9, Merc\u00e8 Buxad\u00e9, Margalida Jaume i Pilar S\u00e1nchez. Una exposici\u00f3 i xerrada per recuperar la mem\u00f2ria de v\u00edctimes del franquisme, per dignificar i reivindicar els seus valors i principis, per denunciar el patiment que caus\u00e0 la barb\u00e0rie feixista a Mallorca, especialment a les dones, i que a trav\u00e9s de la seva imatge real ens transmet la seva identitat, cinc d\u2019elles encara romanen desaparegudes a fosses clandestines franquistes, sense nom i sense senyalitzar.<\/p>\n<p>A c\u00e0rrec de Tomeu Gari, Maria Ant\u00f2nia Oliver, Manel Su\u00e1rez i Antoni Tugores.<\/p>\n<p>Organitza: Dones de Llevant<br \/>\nCol\u00b7labora: Associaci\u00f3 Mem\u00f2ria de Mallorca<\/p>\n","protected":false},"excerpt":{"rendered":"<p>Vos adjuntam l&#8217;agenda d&#8217;actes d&#8217;abril 2015 per la Mem\u00f2ria, programats per diferents col\u00b7lectius i particulars. N&#8217;hi ha molts i variats, &hellip; <a class=\"more-link\" href=\"https:\/\/memoriadelesilles.org\/wordpress\/2015\/04\/03\/agenda-actes-abril-per-la-memoria\/\">M\u00e9s<\/a><\/p>\n","protected":false},"author":1,"featured_media":0,"comment_status":"closed","ping_status":"closed","sticky":false,"template":"","format":"standard","meta":{"footnotes":""},"categories":[2,1],"tags":[],"class_list":["post-6027","post","type-post","status-publish","format-standard","hentry","category-noticies","category-uncategorized",""],"_links":{"self":[{"href":"https:\/\/memoriadelesilles.org\/wordpress\/wp-json\/wp\/v2\/posts\/6027","targetHints":{"allow":["GET"]}}],"collection":[{"href":"https:\/\/memoriadelesilles.org\/wordpress\/wp-json\/wp\/v2\/posts"}],"about":[{"href":"https:\/\/memoriadelesilles.org\/wordpress\/wp-json\/wp\/v2\/types\/post"}],"author":[{"embeddable":true,"href":"https:\/\/memoriadelesilles.org\/wordpress\/wp-json\/wp\/v2\/users\/1"}],"replies":[{"embeddable":true,"href":"https:\/\/memoriadelesilles.org\/wordpress\/wp-json\/wp\/v2\/comments?post=6027"}],"version-history":[{"count":0,"href":"https:\/\/memoriadelesilles.org\/wordpress\/wp-json\/wp\/v2\/posts\/6027\/revisions"}],"wp:attachment":[{"href":"https:\/\/memoriadelesilles.org\/wordpress\/wp-json\/wp\/v2\/media?parent=6027"}],"wp:term":[{"taxonomy":"category","embeddable":true,"href":"https:\/\/memoriadelesilles.org\/wordpress\/wp-json\/wp\/v2\/categories?post=6027"},{"taxonomy":"post_tag","embeddable":true,"href":"https:\/\/memoriadelesilles.org\/wordpress\/wp-json\/wp\/v2\/tags?post=6027"}],"curies":[{"name":"wp","href":"https:\/\/api.w.org\/{rel}","templated":true}]}}