{"id":6025,"date":"2015-04-03T10:54:14","date_gmt":"2015-04-03T10:54:14","guid":{"rendered":"http:\/\/www.memoriadelesilles.org\/wordpress\/?p=6025"},"modified":"2015-04-03T10:54:14","modified_gmt":"2015-04-03T10:54:14","slug":"entrevistes-de-memoria-de-mallorca-a-ona-mediterrania-marc-2015","status":"publish","type":"post","link":"https:\/\/memoriadelesilles.org\/wordpress\/2015\/04\/03\/entrevistes-de-memoria-de-mallorca-a-ona-mediterrania-marc-2015\/","title":{"rendered":"Entrevistes de Mem\u00f2ria de Mallorca a Ona Mediterr\u00e0nia. Mar\u00e7 2015"},"content":{"rendered":"<div style=\"color: #222222;\"><\/div>\n<div style=\"color: #222222;\"><span style=\"color: #333333; font-family: 'Helvetica Neue', Helvetica, Arial, sans-serif;\">Magdalena Garau, minut 1&#8217;30 :\u00a0<\/span><\/div>\n<div style=\"color: #222222;\"><a style=\"color: #1155cc;\" href=\"http:\/\/www.ivoox.com\/tentol-03-03-15-audios-mp3_rf_4159381_1.html\" target=\"_blank\">http:\/\/www.ivoox.com\/tentol-<wbr><\/wbr>03-03-15-audios-mp3_rf_<wbr><\/wbr>4159381_1.html<\/a><\/div>\n<div style=\"color: #222222;\"><\/div>\n<div style=\"color: #222222;\">Pedro de Eclave, minut 1&#8217;24 :<\/div>\n<div style=\"color: #222222;\"><a style=\"color: #1155cc;\" href=\"http:\/\/www.ivoox.com\/tentol-17-03-15-audios-mp3_rf_4227138_1.html\" target=\"_blank\">http:\/\/www.ivoox.com\/tentol-<wbr><\/wbr>17-03-15-audios-mp3_rf_<wbr><\/wbr>4227138_1.html<\/a><\/div>\n<div style=\"color: #222222;\"><\/div>\n<div style=\"color: #222222;\">Luis Ortas, minut 1&#8217;44 :<\/div>\n<div style=\"color: #222222;\"><a style=\"color: #1155cc;\" href=\"http:\/\/www.ivoox.com\/tentol-24-03-15-audios-mp3_rf_4257625_1.html\" target=\"_blank\">http:\/\/www.ivoox.com\/tentol-<wbr><\/wbr>24-03-15-audios-mp3_rf_<wbr><\/wbr>4257625_1.html<\/a><\/div>\n","protected":false},"excerpt":{"rendered":"<p>Magdalena Garau, minut 1&#8217;30 :\u00a0 http:\/\/www.ivoox.com\/tentol-03-03-15-audios-mp3_rf_4159381_1.html Pedro de Eclave, minut 1&#8217;24 : http:\/\/www.ivoox.com\/tentol-17-03-15-audios-mp3_rf_4227138_1.html Luis Ortas, minut 1&#8217;44 : http:\/\/www.ivoox.com\/tentol-24-03-15-audios-mp3_rf_4257625_1.html<\/p>\n","protected":false},"author":1,"featured_media":0,"comment_status":"closed","ping_status":"closed","sticky":false,"template":"","format":"standard","meta":{"footnotes":""},"categories":[2,1],"tags":[],"class_list":["post-6025","post","type-post","status-publish","format-standard","hentry","category-noticies","category-uncategorized",""],"_links":{"self":[{"href":"https:\/\/memoriadelesilles.org\/wordpress\/wp-json\/wp\/v2\/posts\/6025","targetHints":{"allow":["GET"]}}],"collection":[{"href":"https:\/\/memoriadelesilles.org\/wordpress\/wp-json\/wp\/v2\/posts"}],"about":[{"href":"https:\/\/memoriadelesilles.org\/wordpress\/wp-json\/wp\/v2\/types\/post"}],"author":[{"embeddable":true,"href":"https:\/\/memoriadelesilles.org\/wordpress\/wp-json\/wp\/v2\/users\/1"}],"replies":[{"embeddable":true,"href":"https:\/\/memoriadelesilles.org\/wordpress\/wp-json\/wp\/v2\/comments?post=6025"}],"version-history":[{"count":0,"href":"https:\/\/memoriadelesilles.org\/wordpress\/wp-json\/wp\/v2\/posts\/6025\/revisions"}],"wp:attachment":[{"href":"https:\/\/memoriadelesilles.org\/wordpress\/wp-json\/wp\/v2\/media?parent=6025"}],"wp:term":[{"taxonomy":"category","embeddable":true,"href":"https:\/\/memoriadelesilles.org\/wordpress\/wp-json\/wp\/v2\/categories?post=6025"},{"taxonomy":"post_tag","embeddable":true,"href":"https:\/\/memoriadelesilles.org\/wordpress\/wp-json\/wp\/v2\/tags?post=6025"}],"curies":[{"name":"wp","href":"https:\/\/api.w.org\/{rel}","templated":true}]}}