{"id":6012,"date":"2015-03-13T13:43:09","date_gmt":"2015-03-13T13:43:09","guid":{"rendered":"http:\/\/www.memoriadelesilles.org\/wordpress\/?p=6012"},"modified":"2015-03-13T13:43:09","modified_gmt":"2015-03-13T13:43:09","slug":"presentacio-de-la-campanya-conversem-a-palma","status":"publish","type":"post","link":"https:\/\/memoriadelesilles.org\/wordpress\/2015\/03\/13\/presentacio-de-la-campanya-conversem-a-palma\/","title":{"rendered":"Presentaci\u00f3 de la campanya &#8216;Conversem&#8217; a Palma"},"content":{"rendered":"<p>&nbsp;<\/p>\n<p>&nbsp;<\/p>\n<p>&nbsp;<\/p>\n<p>&nbsp;<\/p>\n<p>&nbsp;<\/p>\n<p>&nbsp;<\/p>\n<p>&nbsp;<\/p>\n<p>&nbsp;<\/p>\n<p>&nbsp;<\/p>\n<p>El proper dimarts, 17 de mar\u00e7, a les 19.30 h, al Teatre Sindical de CCOO (c. Francesc de Borja Moll, 3, de Palma), tendr\u00e0 lloc l\u2019acte de presentaci\u00f3 de la campanya Conversem a Palma. L\u2019activitat comptar\u00e0 amb les intervencions de Jaume Mateu, president de l\u2019OCB, amb una conversa glosada entre Mateu Matas \u201cXur\u00ed\u201d, Maribel Servera i Pere Joan Munar i amb l\u2019actuaci\u00f3 musical de Donallop.<\/p>\n<p>La campanya \u201cConversem\u201d inclou trobades amb molta de gent per fer-los fer prendre consci\u00e8ncia de la import\u00e0ncia de la llengua, la cultura i l\u2019educaci\u00f3. Si estau interessats en organitzar-ne, us podeu posar en contacte amb nosaltres al tel\u00e8fon 971 723 299 o al correu electr\u00f2nic comunicacio@ocb.cat. Podeu veure m\u00e9s informaci\u00f3 aqu\u00ed: http:\/\/ocb.cat\/index.php?camp=1<\/p>\n<p>&nbsp;<\/p>\n<p><img loading=\"lazy\" decoding=\"async\" class=\"alignnone size-full wp-image-6010\" src=\"http:\/\/www.memoriadelesilles.org\/wordpress\/wp-content\/uploads\/2015\/03\/sa-pobla-ruta.jpg\" alt=\"sa pobla ruta\" width=\"678\" height=\"960\" \/><\/p>\n","protected":false},"excerpt":{"rendered":"<p>&nbsp; &nbsp; &nbsp; &nbsp; &nbsp; &nbsp; &nbsp; &nbsp; &nbsp; El proper dimarts, 17 de mar\u00e7, a les 19.30 h, al &hellip; <a class=\"more-link\" href=\"https:\/\/memoriadelesilles.org\/wordpress\/2015\/03\/13\/presentacio-de-la-campanya-conversem-a-palma\/\">M\u00e9s<\/a><\/p>\n","protected":false},"author":1,"featured_media":0,"comment_status":"closed","ping_status":"closed","sticky":false,"template":"","format":"standard","meta":{"footnotes":""},"categories":[2,1],"tags":[],"class_list":["post-6012","post","type-post","status-publish","format-standard","hentry","category-noticies","category-uncategorized",""],"_links":{"self":[{"href":"https:\/\/memoriadelesilles.org\/wordpress\/wp-json\/wp\/v2\/posts\/6012","targetHints":{"allow":["GET"]}}],"collection":[{"href":"https:\/\/memoriadelesilles.org\/wordpress\/wp-json\/wp\/v2\/posts"}],"about":[{"href":"https:\/\/memoriadelesilles.org\/wordpress\/wp-json\/wp\/v2\/types\/post"}],"author":[{"embeddable":true,"href":"https:\/\/memoriadelesilles.org\/wordpress\/wp-json\/wp\/v2\/users\/1"}],"replies":[{"embeddable":true,"href":"https:\/\/memoriadelesilles.org\/wordpress\/wp-json\/wp\/v2\/comments?post=6012"}],"version-history":[{"count":0,"href":"https:\/\/memoriadelesilles.org\/wordpress\/wp-json\/wp\/v2\/posts\/6012\/revisions"}],"wp:attachment":[{"href":"https:\/\/memoriadelesilles.org\/wordpress\/wp-json\/wp\/v2\/media?parent=6012"}],"wp:term":[{"taxonomy":"category","embeddable":true,"href":"https:\/\/memoriadelesilles.org\/wordpress\/wp-json\/wp\/v2\/categories?post=6012"},{"taxonomy":"post_tag","embeddable":true,"href":"https:\/\/memoriadelesilles.org\/wordpress\/wp-json\/wp\/v2\/tags?post=6012"}],"curies":[{"name":"wp","href":"https:\/\/api.w.org\/{rel}","templated":true}]}}