{"id":6005,"date":"2015-03-05T14:19:57","date_gmt":"2015-03-05T14:19:57","guid":{"rendered":"http:\/\/www.memoriadelesilles.org\/wordpress\/?p=6005"},"modified":"2015-03-05T14:19:57","modified_gmt":"2015-03-05T14:19:57","slug":"entrevistes-de-febrermarc-a-ona-mediterrania","status":"publish","type":"post","link":"https:\/\/memoriadelesilles.org\/wordpress\/2015\/03\/05\/entrevistes-de-febrermarc-a-ona-mediterrania\/","title":{"rendered":"Entrevistes de febrer\/mar\u00e7 a Ona Mediterr\u00e0nia"},"content":{"rendered":"<p>Aqu\u00ed teniu els enlla\u00e7os a les darreres entrevistes que Ona Mediterr\u00e0nia dedica cada dimarts, a partir de les 11 hores, a la dignificaci\u00f3 de les v\u00edctimes del franquisme a Mallorca:<\/p>\n<p><strong>Febrer<\/strong><\/p>\n<p><strong>Maria Ant\u00f2nia Oliver i Joan Arbona<\/strong>,03\/02\/15, partir de 1&#8217;38:<\/p>\n<p><a href=\"http:\/\/www.ivoox.com\/tentol-03-02-15-audios-mp3_rf_4033193_1.html\">http:\/\/www.ivoox.com\/tentol-03-02-15-audios-mp3_rf_4033193_1.html<\/a><\/p>\n<p><b>Pep Delgado<\/b><b>,\u00a0<\/b>10\/02\/15<b>,\u00a0<\/b>a partir<b>\u00a0<\/b>1&#8217;45:<\/p>\n<p><a href=\"http:\/\/www.ivoox.com\/tentol-10-02-15-audios-mp3_rf_4063835_1.html\">http:\/\/www.ivoox.com\/tentol-10-02-15-audios-mp3_rf_4063835_1.html<\/a><\/p>\n<p>Maite Blazquez Losa<\/p>\n<p><a href=\"http:\/\/www.ivoox.com\/tentol-17-02-15-audios-mp3_rf_4093720_1.html\">http:\/\/www.ivoox.com\/tentol-17-02-15-audios-mp3_rf_4093720_1.html<\/a><\/p>\n<p><strong>Ferran Cano Darder<\/strong>, 24\/02\/15, a partir 0&#8217;44:<\/p>\n<p><a href=\"http:\/\/www.ivoox.com\/tentol-24-01-15-audios-mp3_rf_4127918_1.html\">http:\/\/www.ivoox.com\/tentol-24-01-15-audios-mp3_rf_4127918_1.html<\/a><\/p>\n<p><strong>Mar\u00e7<\/strong><\/p>\n<p><strong>Magdalena Garau,\u00a0<\/strong>03\/03\/15, a partir 1&#8217;30:<\/p>\n<p><a href=\"http:\/\/www.ivoox.com\/tentol-03-03-15-audios-mp3_rf_4159381_1.html\">http:\/\/www.ivoox.com\/tentol-03-03-15-audios-mp3_rf_4159381_1.html<\/a><\/p>\n","protected":false},"excerpt":{"rendered":"<p>Aqu\u00ed teniu els enlla\u00e7os a les darreres entrevistes que Ona Mediterr\u00e0nia dedica cada dimarts, a partir de les 11 hores, &hellip; <a class=\"more-link\" href=\"https:\/\/memoriadelesilles.org\/wordpress\/2015\/03\/05\/entrevistes-de-febrermarc-a-ona-mediterrania\/\">M\u00e9s<\/a><\/p>\n","protected":false},"author":1,"featured_media":0,"comment_status":"closed","ping_status":"closed","sticky":false,"template":"","format":"standard","meta":{"footnotes":""},"categories":[2,1],"tags":[],"class_list":["post-6005","post","type-post","status-publish","format-standard","hentry","category-noticies","category-uncategorized",""],"_links":{"self":[{"href":"https:\/\/memoriadelesilles.org\/wordpress\/wp-json\/wp\/v2\/posts\/6005","targetHints":{"allow":["GET"]}}],"collection":[{"href":"https:\/\/memoriadelesilles.org\/wordpress\/wp-json\/wp\/v2\/posts"}],"about":[{"href":"https:\/\/memoriadelesilles.org\/wordpress\/wp-json\/wp\/v2\/types\/post"}],"author":[{"embeddable":true,"href":"https:\/\/memoriadelesilles.org\/wordpress\/wp-json\/wp\/v2\/users\/1"}],"replies":[{"embeddable":true,"href":"https:\/\/memoriadelesilles.org\/wordpress\/wp-json\/wp\/v2\/comments?post=6005"}],"version-history":[{"count":0,"href":"https:\/\/memoriadelesilles.org\/wordpress\/wp-json\/wp\/v2\/posts\/6005\/revisions"}],"wp:attachment":[{"href":"https:\/\/memoriadelesilles.org\/wordpress\/wp-json\/wp\/v2\/media?parent=6005"}],"wp:term":[{"taxonomy":"category","embeddable":true,"href":"https:\/\/memoriadelesilles.org\/wordpress\/wp-json\/wp\/v2\/categories?post=6005"},{"taxonomy":"post_tag","embeddable":true,"href":"https:\/\/memoriadelesilles.org\/wordpress\/wp-json\/wp\/v2\/tags?post=6005"}],"curies":[{"name":"wp","href":"https:\/\/api.w.org\/{rel}","templated":true}]}}