{"id":6004,"date":"2015-03-05T14:18:47","date_gmt":"2015-03-05T14:18:47","guid":{"rendered":"http:\/\/www.memoriadelesilles.org\/wordpress\/?p=6004"},"modified":"2015-03-05T14:18:47","modified_gmt":"2015-03-05T14:18:47","slug":"micromecenatge-documental-sobre-mauthausen","status":"publish","type":"post","link":"https:\/\/memoriadelesilles.org\/wordpress\/2015\/03\/05\/micromecenatge-documental-sobre-mauthausen\/","title":{"rendered":"Micromecenatge documental sobre Mauthausen"},"content":{"rendered":"<p><span style=\"color: #222222;\">Hemos empezado un proyecto de micromecenazgo en Verkami con la intenci\u00f3n de presentar un documental con los \u00faltimos supervivientes del campo de concentraci\u00f3n de Mauthausen. Es un viaje que hicimos Pedro Garc\u00eda de Echave, Iskra Karadzhova\u200b y yo, Luis Ortas Pau\u200b, con la \u00a0Amical de Mauthausen\u200b hace 4 a\u00f1os. De los 4 personajes solamente queda 1 vivo, Jos\u00e9 Alcubierre. Por culpa de la famosa crisis espa\u00f1ola no pudimos acabar el proyecto antes, y ahora ya no queremos esperar m\u00e1s. Queremos estrenar el documental la semana del 5 de mayo de 2015 coincidiendo con el 70 aniversario de la liberaci\u00f3n del campo. La memoria de los espa\u00f1oles que pasaron por los campos de concentraci\u00f3n necesita de tu apoyo para mantener viva la llama de su lucha. Si no puedes aportar dinero ay\u00fadanos a difundirlo<\/span><\/p>\n<p><span style=\"color: #222222;\">Enlace: \u00a0<\/span><a style=\"color: #1155cc;\" href=\"http:\/\/mandrillapp.com\/track\/click\/4349534\/www.verkami.com?p=eyJzIjoiTEFDUHBmYTdBTlR5MDZyRFJRX05xb0RsbmhrIiwidiI6MSwicCI6IntcInVcIjo0MzQ5NTM0LFwidlwiOjEsXCJ1cmxcIjpcImh0dHA6XFxcL1xcXC93d3cudmVya2FtaS5jb21cXFwvcHJvamVjdHNcXFwvMTExMzEtbWF1dGhhdXNlbi1lbC1ob2xvY2F1c3RvLWVzcGFub2xcIixcImlkXCI6XCI2M2YxN2I3YWI0MGY0ZDFmOWU0MWM3NzU3MjhjODI5MVwiLFwidXJsX2lkc1wiOltcIjdjYjkxNWFhNGNmYTFjMTYzMGYzZWU0YTViNzA1NTlkNzkxMDM3N2ZcIl19In0\" target=\"_blank\">http:\/\/www.verkami.com\/<wbr><\/wbr>projects\/11131<\/a><\/p>\n","protected":false},"excerpt":{"rendered":"<p>Hemos empezado un proyecto de micromecenazgo en Verkami con la intenci\u00f3n de presentar un documental con los \u00faltimos supervivientes del &hellip; <a class=\"more-link\" href=\"https:\/\/memoriadelesilles.org\/wordpress\/2015\/03\/05\/micromecenatge-documental-sobre-mauthausen\/\">M\u00e9s<\/a><\/p>\n","protected":false},"author":1,"featured_media":0,"comment_status":"closed","ping_status":"closed","sticky":false,"template":"","format":"standard","meta":{"footnotes":""},"categories":[2,1],"tags":[],"class_list":["post-6004","post","type-post","status-publish","format-standard","hentry","category-noticies","category-uncategorized",""],"_links":{"self":[{"href":"https:\/\/memoriadelesilles.org\/wordpress\/wp-json\/wp\/v2\/posts\/6004","targetHints":{"allow":["GET"]}}],"collection":[{"href":"https:\/\/memoriadelesilles.org\/wordpress\/wp-json\/wp\/v2\/posts"}],"about":[{"href":"https:\/\/memoriadelesilles.org\/wordpress\/wp-json\/wp\/v2\/types\/post"}],"author":[{"embeddable":true,"href":"https:\/\/memoriadelesilles.org\/wordpress\/wp-json\/wp\/v2\/users\/1"}],"replies":[{"embeddable":true,"href":"https:\/\/memoriadelesilles.org\/wordpress\/wp-json\/wp\/v2\/comments?post=6004"}],"version-history":[{"count":0,"href":"https:\/\/memoriadelesilles.org\/wordpress\/wp-json\/wp\/v2\/posts\/6004\/revisions"}],"wp:attachment":[{"href":"https:\/\/memoriadelesilles.org\/wordpress\/wp-json\/wp\/v2\/media?parent=6004"}],"wp:term":[{"taxonomy":"category","embeddable":true,"href":"https:\/\/memoriadelesilles.org\/wordpress\/wp-json\/wp\/v2\/categories?post=6004"},{"taxonomy":"post_tag","embeddable":true,"href":"https:\/\/memoriadelesilles.org\/wordpress\/wp-json\/wp\/v2\/tags?post=6004"}],"curies":[{"name":"wp","href":"https:\/\/api.w.org\/{rel}","templated":true}]}}