{"id":5998,"date":"2015-03-02T09:10:53","date_gmt":"2015-03-02T09:10:53","guid":{"rendered":"http:\/\/www.memoriadelesilles.org\/wordpress\/?p=5998"},"modified":"2015-03-02T09:10:53","modified_gmt":"2015-03-02T09:10:53","slug":"concentracio-dissabte-7-de-marc-12hrs-placa-major-de-palma","status":"publish","type":"post","link":"https:\/\/memoriadelesilles.org\/wordpress\/2015\/03\/02\/concentracio-dissabte-7-de-marc-12hrs-placa-major-de-palma\/","title":{"rendered":"Concentraci\u00f3, dissabte 7 de mar\u00e7, 12hrs. Pla\u00e7a Major de Palma"},"content":{"rendered":"<div class=\"gmail_quote\" style=\"color: #222222;\"><span style=\"color: #141823;\">Com cada primer dissabte de mes, el proper dia 7 de mar\u00e7, ens concentrarem a les 12 hores., a la\u00a0Pla\u00e7a\u00a0Major de Palma\u00a0per exigir\u00a0VERITAT,JUST\u00cdCIA I REPARACI\u00d3!<\/span><\/div>\n<div class=\"gmail_quote\" style=\"color: #222222;\"><span style=\"color: #141823;\">Us hi esperam a totes i a totes!<\/span><a href=\"http:\/\/www.memoriadelesilles.org\/wordpress\/wp-content\/uploads\/2015\/03\/Cartell-Concentracions-14.jpg\"><img loading=\"lazy\" decoding=\"async\" class=\"alignnone size-large wp-image-5999\" src=\"http:\/\/www.memoriadelesilles.org\/wordpress\/wp-content\/uploads\/2015\/03\/Cartell-Concentracions-14-723x1024.jpg\" alt=\"Cartell Concentracions 14\" width=\"584\" height=\"827\" \/><\/a><\/div>\n","protected":false},"excerpt":{"rendered":"<p>Com cada primer dissabte de mes, el proper dia 7 de mar\u00e7, ens concentrarem a les 12 hores., a la\u00a0Pla\u00e7a\u00a0Major &hellip; <a class=\"more-link\" href=\"https:\/\/memoriadelesilles.org\/wordpress\/2015\/03\/02\/concentracio-dissabte-7-de-marc-12hrs-placa-major-de-palma\/\">M\u00e9s<\/a><\/p>\n","protected":false},"author":1,"featured_media":0,"comment_status":"closed","ping_status":"closed","sticky":false,"template":"","format":"standard","meta":{"footnotes":""},"categories":[2,1],"tags":[],"class_list":["post-5998","post","type-post","status-publish","format-standard","hentry","category-noticies","category-uncategorized",""],"_links":{"self":[{"href":"https:\/\/memoriadelesilles.org\/wordpress\/wp-json\/wp\/v2\/posts\/5998","targetHints":{"allow":["GET"]}}],"collection":[{"href":"https:\/\/memoriadelesilles.org\/wordpress\/wp-json\/wp\/v2\/posts"}],"about":[{"href":"https:\/\/memoriadelesilles.org\/wordpress\/wp-json\/wp\/v2\/types\/post"}],"author":[{"embeddable":true,"href":"https:\/\/memoriadelesilles.org\/wordpress\/wp-json\/wp\/v2\/users\/1"}],"replies":[{"embeddable":true,"href":"https:\/\/memoriadelesilles.org\/wordpress\/wp-json\/wp\/v2\/comments?post=5998"}],"version-history":[{"count":0,"href":"https:\/\/memoriadelesilles.org\/wordpress\/wp-json\/wp\/v2\/posts\/5998\/revisions"}],"wp:attachment":[{"href":"https:\/\/memoriadelesilles.org\/wordpress\/wp-json\/wp\/v2\/media?parent=5998"}],"wp:term":[{"taxonomy":"category","embeddable":true,"href":"https:\/\/memoriadelesilles.org\/wordpress\/wp-json\/wp\/v2\/categories?post=5998"},{"taxonomy":"post_tag","embeddable":true,"href":"https:\/\/memoriadelesilles.org\/wordpress\/wp-json\/wp\/v2\/tags?post=5998"}],"curies":[{"name":"wp","href":"https:\/\/api.w.org\/{rel}","templated":true}]}}