{"id":5995,"date":"2015-03-01T10:03:02","date_gmt":"2015-03-01T10:03:02","guid":{"rendered":"http:\/\/www.memoriadelesilles.org\/wordpress\/?p=5995"},"modified":"2015-03-01T10:03:02","modified_gmt":"2015-03-01T10:03:02","slug":"presentacio-llibre-homes-del-bosc-una-historia-dels-maquis-a-mallorca","status":"publish","type":"post","link":"https:\/\/memoriadelesilles.org\/wordpress\/2015\/03\/01\/presentacio-llibre-homes-del-bosc-una-historia-dels-maquis-a-mallorca\/","title":{"rendered":"Presentaci\u00f3 llibre &#8220;Homes del bosc: una hist\u00f2ria dels maquis&#8221; a MALLORCA"},"content":{"rendered":"<p>El proper\u00a0<strong>dimarts 17 de mar\u00e7 a les 19h\u00a0<\/strong>presentem el<strong>\u00a0llibre &#8220;Homes del bosc: una hist\u00f2ria dels maquis&#8221; a Transitant<\/strong>,<\/p>\n<p><strong>transitant: llibres i l\u00ednies de fuga c\/socors, 16 baixos, 07002 Ciutat (Mallorca)<\/strong><\/p>\n<p>Podeu veure l&#8217;esdeveniment al\u00a0seu web:<\/p>\n<p><a href=\"http:\/\/www.transitant.net\/activitats\/presentacio-llibre-homes-del-bosc-una-historia-dels-maquis\/\">http:\/\/www.transitant.net\/activitats\/presentacio-llibre-homes-del-bosc-una-historia-dels-maquis\/<\/a><\/p>\n<p>Tamb\u00e9 hi ha en marxa un\u00a0<strong>Verkami per la seua daptaci\u00f3 i traducci\u00f3 al castell\u00e0<\/strong>, si el projecte us sembla interessant comparteix-lo a les teues xarxes socials i participa. Gr\u00e0cies.<\/p>\n<p><a href=\"http:\/\/vkm.is\/maquis\">http:\/\/vkm.is\/maquis<\/a><\/p>\n<p><strong>HOMES DEL BOSC: Una hist\u00f2ria dels maquis<\/strong><\/p>\n<p>Autor: Francisco Collado Cerver\u00f3<\/p>\n<p><strong>L\u2019autor\u00a0<\/strong>va estudiar Hist\u00f2ria per\u00f2 treballa com a bibliotecari des de fa un fum d\u2019anys. Ha publicat un llibre sobre la hist\u00f2ria del\u00a0<strong>Moviment Okupa a la ciutat de Val\u00e8ncia\u00a0<\/strong>i un altre sobre el\u00a0<strong>poble sahrau\u00ed<\/strong>. Vinculat a diferents col\u00b7lectius i moviments socials de Val\u00e8ncia, un dels seus motius per presentar aquesta nova publicaci\u00f3 sobre els\u00a0<strong>Maquis<\/strong>\u00a0\u00e9s mostrar als m\u00e9s joves una part quasi sempre amagada de la nostra hist\u00f2ria m\u00e9s recent i d&#8217;unes persones que lluitaren fins el seu \u00faltim al\u00e8 cercant la llibertat.<\/p>\n<p><strong>\u00a0&#8220;HOMES DEL BOSC: una historia dels maquis&#8221;<\/strong>, \u00e9s un text que, amb un llenguatge assequible i entenedor, barreja el relat juvenil, la divulgaci\u00f3 hist\u00f2rica i el g\u00e8nere epistolar. En ell, els m\u00e9s menuts d\u2019una fam\u00edlia descobriran, a partir d\u2019unes cartes amagades, el recorregut vital d\u2019un guerriller i coneixeran perqu\u00e8 va esclatar la Guerra Civil, com es va desencadenar una dur\u00edssima repressi\u00f3 per part de la dictadura i com front a aix\u00f2, milers de persones resistiren i la combateren durant anys. Aquest llibre intenta que la hist\u00f2ria i la mem\u00f2ria d\u2019aquestes persones arribe als m\u00e9s joves.<\/p>\n<p>A banda del llibre, N\u00faria Mestre Marcotegui, mestra de professi\u00f3, ha redactat una\u00a0<strong>Proposta Did\u00e0ctica<\/strong>\u00a0amb un ample ventall d\u2019activitats per a fer a les aules.<\/p>\n<p>Aquest llibre s\u2019ha fet amb micromecenatge, a trav\u00e9s de la plataforma Verkami.<\/p>\n<p>Tant el llibre (10 euros) com la Proposta Did\u00e0ctica (5 euros) poden aconseguir-se a\u00a0diferents llibreries, col\u00b7lectius i espais<\/p>\n<p>o contactant amb l\u2019autor a trav\u00e9s\u00a0del correu\u00a0<a href=\"mailto:fcollado@bib.upv.es\">fcollado@bib.upv.es<\/a>\u00a0o\u00a0de les seg\u00fcents webs, on trobareu m\u00e9s informaci\u00f3 sobre punts d distribuci\u00f3, calendari de presentacions, etc.<\/p>\n<p><strong>Blog del llibre:<\/strong>\u00a0<a href=\"http:\/\/homedelbosc.wordpress.com\/\">http:\/\/homedelbosc.wordpress.com\/<\/a><\/p>\n<p><strong>Facebook:<\/strong>\u00a0\u00a0<a href=\"https:\/\/www.facebook.com\/home.delbosc.1\">https:\/\/www.facebook.com\/home.delbosc.1<\/a><\/p>\n","protected":false},"excerpt":{"rendered":"<p>El proper\u00a0dimarts 17 de mar\u00e7 a les 19h\u00a0presentem el\u00a0llibre &#8220;Homes del bosc: una hist\u00f2ria dels maquis&#8221; a Transitant, transitant: llibres &hellip; <a class=\"more-link\" href=\"https:\/\/memoriadelesilles.org\/wordpress\/2015\/03\/01\/presentacio-llibre-homes-del-bosc-una-historia-dels-maquis-a-mallorca\/\">M\u00e9s<\/a><\/p>\n","protected":false},"author":1,"featured_media":0,"comment_status":"closed","ping_status":"closed","sticky":false,"template":"","format":"standard","meta":{"footnotes":""},"categories":[2,1],"tags":[],"class_list":["post-5995","post","type-post","status-publish","format-standard","hentry","category-noticies","category-uncategorized",""],"_links":{"self":[{"href":"https:\/\/memoriadelesilles.org\/wordpress\/wp-json\/wp\/v2\/posts\/5995","targetHints":{"allow":["GET"]}}],"collection":[{"href":"https:\/\/memoriadelesilles.org\/wordpress\/wp-json\/wp\/v2\/posts"}],"about":[{"href":"https:\/\/memoriadelesilles.org\/wordpress\/wp-json\/wp\/v2\/types\/post"}],"author":[{"embeddable":true,"href":"https:\/\/memoriadelesilles.org\/wordpress\/wp-json\/wp\/v2\/users\/1"}],"replies":[{"embeddable":true,"href":"https:\/\/memoriadelesilles.org\/wordpress\/wp-json\/wp\/v2\/comments?post=5995"}],"version-history":[{"count":0,"href":"https:\/\/memoriadelesilles.org\/wordpress\/wp-json\/wp\/v2\/posts\/5995\/revisions"}],"wp:attachment":[{"href":"https:\/\/memoriadelesilles.org\/wordpress\/wp-json\/wp\/v2\/media?parent=5995"}],"wp:term":[{"taxonomy":"category","embeddable":true,"href":"https:\/\/memoriadelesilles.org\/wordpress\/wp-json\/wp\/v2\/categories?post=5995"},{"taxonomy":"post_tag","embeddable":true,"href":"https:\/\/memoriadelesilles.org\/wordpress\/wp-json\/wp\/v2\/tags?post=5995"}],"curies":[{"name":"wp","href":"https:\/\/api.w.org\/{rel}","templated":true}]}}