{"id":5974,"date":"2015-02-18T12:58:01","date_gmt":"2015-02-18T12:58:01","guid":{"rendered":"http:\/\/www.memoriadelesilles.org\/wordpress\/?p=5974"},"modified":"2015-02-18T12:58:01","modified_gmt":"2015-02-18T12:58:01","slug":"temps-de-la-memoria-a-larxiu-historic-de-fundacion-1o-de-mayo","status":"publish","type":"post","link":"https:\/\/memoriadelesilles.org\/wordpress\/2015\/02\/18\/temps-de-la-memoria-a-larxiu-historic-de-fundacion-1o-de-mayo\/","title":{"rendered":"Temps de la Mem\u00f2ria a l&#8217;Arxiu Hist\u00f2ric de &#8220;Fundaci\u00f3n 1\u00ba de Mayo&#8221;"},"content":{"rendered":"<p><span style=\"color: #222222;\">La nostra-vostra revista Temps de la Mem\u00f2ria es troba tamb\u00e9 a l&#8217;Arxiu Hist\u00f2ric de &#8220;Fundaci\u00f3n 1\u00ba de Mayo&#8221;, aqu\u00ed teniu l&#8217;enlla\u00e7: \u00a0<\/span><\/p>\n<div style=\"color: #222222;\"><span style=\"color: #0000ff;\"><span style=\"text-decoration: underline;\"><a style=\"color: #1155cc;\" href=\"http:\/\/www.1mayo.ccoo.es\/nova\/NNws_ShwNewDup?codigo=4707&amp;cod_primaria=1410&amp;cod_secundaria=1410#.VOMEguaXGs8\" target=\"_blank\">http:\/\/www.1mayo.ccoo.es\/nova\/<wbr><\/wbr>NNws_ShwNewDup?codigo=4707&amp;<wbr><\/wbr>cod_primaria=1410&amp;cod_<wbr><\/wbr>secundaria=1410#.VOMEguaXGs8<\/a><\/span><\/span><\/div>\n","protected":false},"excerpt":{"rendered":"<p>La nostra-vostra revista Temps de la Mem\u00f2ria es troba tamb\u00e9 a l&#8217;Arxiu Hist\u00f2ric de &#8220;Fundaci\u00f3n 1\u00ba de Mayo&#8221;, aqu\u00ed teniu &hellip; <a class=\"more-link\" href=\"https:\/\/memoriadelesilles.org\/wordpress\/2015\/02\/18\/temps-de-la-memoria-a-larxiu-historic-de-fundacion-1o-de-mayo\/\">M\u00e9s<\/a><\/p>\n","protected":false},"author":1,"featured_media":0,"comment_status":"closed","ping_status":"closed","sticky":false,"template":"","format":"standard","meta":{"footnotes":""},"categories":[2,1],"tags":[],"class_list":["post-5974","post","type-post","status-publish","format-standard","hentry","category-noticies","category-uncategorized",""],"_links":{"self":[{"href":"https:\/\/memoriadelesilles.org\/wordpress\/wp-json\/wp\/v2\/posts\/5974","targetHints":{"allow":["GET"]}}],"collection":[{"href":"https:\/\/memoriadelesilles.org\/wordpress\/wp-json\/wp\/v2\/posts"}],"about":[{"href":"https:\/\/memoriadelesilles.org\/wordpress\/wp-json\/wp\/v2\/types\/post"}],"author":[{"embeddable":true,"href":"https:\/\/memoriadelesilles.org\/wordpress\/wp-json\/wp\/v2\/users\/1"}],"replies":[{"embeddable":true,"href":"https:\/\/memoriadelesilles.org\/wordpress\/wp-json\/wp\/v2\/comments?post=5974"}],"version-history":[{"count":0,"href":"https:\/\/memoriadelesilles.org\/wordpress\/wp-json\/wp\/v2\/posts\/5974\/revisions"}],"wp:attachment":[{"href":"https:\/\/memoriadelesilles.org\/wordpress\/wp-json\/wp\/v2\/media?parent=5974"}],"wp:term":[{"taxonomy":"category","embeddable":true,"href":"https:\/\/memoriadelesilles.org\/wordpress\/wp-json\/wp\/v2\/categories?post=5974"},{"taxonomy":"post_tag","embeddable":true,"href":"https:\/\/memoriadelesilles.org\/wordpress\/wp-json\/wp\/v2\/tags?post=5974"}],"curies":[{"name":"wp","href":"https:\/\/api.w.org\/{rel}","templated":true}]}}