{"id":5971,"date":"2015-02-18T12:49:32","date_gmt":"2015-02-18T12:49:32","guid":{"rendered":"http:\/\/www.memoriadelesilles.org\/wordpress\/?p=5971"},"modified":"2015-02-18T12:49:32","modified_gmt":"2015-02-18T12:49:32","slug":"22-febrer-acte-uniteri-a-les-victimes-del-feixime-al-mur-de-la-memoria","status":"publish","type":"post","link":"https:\/\/memoriadelesilles.org\/wordpress\/2015\/02\/18\/22-febrer-acte-uniteri-a-les-victimes-del-feixime-al-mur-de-la-memoria\/","title":{"rendered":"22 febrer. Acte Uniteri a les v\u00edctimes del feixime al Mur de la Mem\u00f2ria"},"content":{"rendered":"<div style=\"color: #222222;\"><b>La Comissi\u00f3 24 de Febrer<\/b>, de la qual forma part Mem\u00f2ria de Mallorca,\u00a0<b>convoca<\/b>\u00a0a tota la ciutadania a l&#8217;acte:<\/div>\n<div style=\"color: #222222;\"><b>\u00a0<\/b><\/div>\n<div style=\"color: #222222;\"><b>Homenatge a Emili Darder, Alexandre Jaume, Antoni Mateu i Antoni Maria Ques, assassinades el 24 de febrer de 1937,<\/b>\u00a0<b>i\u00a0a totes les v\u00edctimes del feixisme<\/b><\/div>\n<div style=\"color: #222222;\"><b>Diumenge, 22 de febrer,\u00a0<\/b><b>11&#8217;30 hores, al Mur de la Mem\u00f2ria:\u00a0<\/b><\/div>\n<div style=\"color: #222222;\">\n<div>\n<ul>\n<li>Presentaci\u00f3 de la Comissi\u00f3 24 de Febrer<\/li>\n<li>Intervenci\u00f3 de\u00a0<b>Lloren\u00e7 Capell\u00e0<\/b>\u00a0(precursor de la Mem\u00f2ria Hist\u00f2rica a la nostra comunitat, autor del Diccionari Vermell, primer treball de recerca per a la recuperaci\u00f3 dels noms, biografies i fets patits per las v\u00edctimes de la repressi\u00f3 franquista a Mallorca).<\/li>\n<li>Interpretacions musicals<\/li>\n<li>Torn obert de paraula<\/li>\n<li>Ofrena Floral (podeu participar si voleu aportant les vostres flors)<\/li>\n<\/ul>\n<\/div>\n<div>\n<div>Per primera vegada es fa i s&#8217;organitza un acte unitari per part de partits pol\u00edtics, sindicats i entitats c\u00edviques. Companyes i companys, vos convocam a assistir-hi i a retre homenatge a les quatre v\u00edctimes anomenades i a totes aquelles persones que lluitaren i treballaren per la la Just\u00edcia i la Llibertat i que, precisament per aix\u00f2, patiren la cruel repressi\u00f3 franquista.<\/div>\n<div>\n<div>Adjunt trobareu el cartell amb tota la informaci\u00f3 i amb els noms de les entitats que formam la Comissi\u00f3 24 de Febrer.<\/div>\n<div>Enlla\u00e7 a l&#8217;esdeveniment creat al Facebook:<\/div>\n<div><\/div>\n<div><a style=\"color: #1155cc;\" href=\"https:\/\/www.facebook.com\/events\/590778784387269\/\" target=\"_blank\">https:\/\/www.facebook.com\/<wbr><\/wbr>events\/590778784387269\/<\/a><\/div>\n<div><\/div>\n<div><a href=\"http:\/\/www.memoriadelesilles.org\/wordpress\/wp-content\/uploads\/2015\/02\/CARTELL-DEFINITIU-22-FEBRER.jpg\"><img loading=\"lazy\" decoding=\"async\" class=\"alignnone size-full wp-image-5972\" src=\"http:\/\/www.memoriadelesilles.org\/wordpress\/wp-content\/uploads\/2015\/02\/CARTELL-DEFINITIU-22-FEBRER.jpg\" alt=\"CARTELL DEFINITIU 22 FEBRER\" width=\"410\" height=\"547\" \/><\/a><\/div>\n<\/div>\n<\/div>\n<\/div>\n","protected":false},"excerpt":{"rendered":"<p>La Comissi\u00f3 24 de Febrer, de la qual forma part Mem\u00f2ria de Mallorca,\u00a0convoca\u00a0a tota la ciutadania a l&#8217;acte: \u00a0 Homenatge &hellip; <a class=\"more-link\" href=\"https:\/\/memoriadelesilles.org\/wordpress\/2015\/02\/18\/22-febrer-acte-uniteri-a-les-victimes-del-feixime-al-mur-de-la-memoria\/\">M\u00e9s<\/a><\/p>\n","protected":false},"author":1,"featured_media":0,"comment_status":"closed","ping_status":"closed","sticky":false,"template":"","format":"standard","meta":{"footnotes":""},"categories":[2,1],"tags":[],"class_list":["post-5971","post","type-post","status-publish","format-standard","hentry","category-noticies","category-uncategorized",""],"_links":{"self":[{"href":"https:\/\/memoriadelesilles.org\/wordpress\/wp-json\/wp\/v2\/posts\/5971","targetHints":{"allow":["GET"]}}],"collection":[{"href":"https:\/\/memoriadelesilles.org\/wordpress\/wp-json\/wp\/v2\/posts"}],"about":[{"href":"https:\/\/memoriadelesilles.org\/wordpress\/wp-json\/wp\/v2\/types\/post"}],"author":[{"embeddable":true,"href":"https:\/\/memoriadelesilles.org\/wordpress\/wp-json\/wp\/v2\/users\/1"}],"replies":[{"embeddable":true,"href":"https:\/\/memoriadelesilles.org\/wordpress\/wp-json\/wp\/v2\/comments?post=5971"}],"version-history":[{"count":0,"href":"https:\/\/memoriadelesilles.org\/wordpress\/wp-json\/wp\/v2\/posts\/5971\/revisions"}],"wp:attachment":[{"href":"https:\/\/memoriadelesilles.org\/wordpress\/wp-json\/wp\/v2\/media?parent=5971"}],"wp:term":[{"taxonomy":"category","embeddable":true,"href":"https:\/\/memoriadelesilles.org\/wordpress\/wp-json\/wp\/v2\/categories?post=5971"},{"taxonomy":"post_tag","embeddable":true,"href":"https:\/\/memoriadelesilles.org\/wordpress\/wp-json\/wp\/v2\/tags?post=5971"}],"curies":[{"name":"wp","href":"https:\/\/api.w.org\/{rel}","templated":true}]}}