{"id":5968,"date":"2015-02-16T17:32:56","date_gmt":"2015-02-16T17:32:56","guid":{"rendered":"http:\/\/www.memoriadelesilles.org\/wordpress\/?p=5968"},"modified":"2015-02-16T17:32:56","modified_gmt":"2015-02-16T17:32:56","slug":"exposicio-dones-de-la-mediterrania-can-fondo-alcudia","status":"publish","type":"post","link":"https:\/\/memoriadelesilles.org\/wordpress\/2015\/02\/16\/exposicio-dones-de-la-mediterrania-can-fondo-alcudia\/","title":{"rendered":"Exposici\u00f3 &#8216;Dones de la mediterr\u00e0nia&#8217;. Can Fondo, Alcudia"},"content":{"rendered":"<p>Exposici\u00f3 <strong><em>Dones de la mediterr\u00e0nia<\/em><\/strong>\u00a0a Can Fondo, Alc\u00fadia, el proper 21 de febrer.<\/p>\n<p>Es tracte d\u2019un treball conjunt\u00a0\u00a0amb poemes de Maria Vict\u00f2ria Secall i les meves pintures, que titulem,\u00a0<strong><em>Dones de la mediterr\u00e0nia<\/em><\/strong>\u00a0on volem fer un reconeixement a les dones silenciades tan freq\u00fcentment, la for\u00e7a innovadora, la valentia, les ferides rebudes, la baula que ens uneix en la construcci\u00f3 d\u2019un m\u00f3n real i imaginari. \u00c9s un homenatge i un convit a la resist\u00e8ncia, a al\u00e7ar el vol, una restauraci\u00f3 necess\u00e0ria i plena d\u2019esperan\u00e7a cap a un m\u00f3n millor per a les dones i per a totes les persones, on all\u00f2 m\u00e9s bell sigui la vida i no pas la dominaci\u00f3 o la viol\u00e8ncia, com la mar Mediterr\u00e0nia que ens agermana.<\/p>\n<p><a href=\"http:\/\/www.memoriadelesilles.org\/wordpress\/wp-content\/uploads\/2015\/02\/Invitaci\u00f3-exposici\u00f3-R.jpg\"><img loading=\"lazy\" decoding=\"async\" class=\"alignnone size-large wp-image-5969\" src=\"http:\/\/www.memoriadelesilles.org\/wordpress\/wp-content\/uploads\/2015\/02\/Invitaci\u00f3-exposici\u00f3-R-1024x787.jpg\" alt=\"Invitaci\u00f3 exposici\u00f3 - R\" width=\"584\" height=\"448\" \/><\/a><\/p>\n","protected":false},"excerpt":{"rendered":"<p>Exposici\u00f3 Dones de la mediterr\u00e0nia\u00a0a Can Fondo, Alc\u00fadia, el proper 21 de febrer. Es tracte d\u2019un treball conjunt\u00a0\u00a0amb poemes de &hellip; <a class=\"more-link\" href=\"https:\/\/memoriadelesilles.org\/wordpress\/2015\/02\/16\/exposicio-dones-de-la-mediterrania-can-fondo-alcudia\/\">M\u00e9s<\/a><\/p>\n","protected":false},"author":1,"featured_media":0,"comment_status":"closed","ping_status":"closed","sticky":false,"template":"","format":"standard","meta":{"footnotes":""},"categories":[2,1],"tags":[],"class_list":["post-5968","post","type-post","status-publish","format-standard","hentry","category-noticies","category-uncategorized",""],"_links":{"self":[{"href":"https:\/\/memoriadelesilles.org\/wordpress\/wp-json\/wp\/v2\/posts\/5968","targetHints":{"allow":["GET"]}}],"collection":[{"href":"https:\/\/memoriadelesilles.org\/wordpress\/wp-json\/wp\/v2\/posts"}],"about":[{"href":"https:\/\/memoriadelesilles.org\/wordpress\/wp-json\/wp\/v2\/types\/post"}],"author":[{"embeddable":true,"href":"https:\/\/memoriadelesilles.org\/wordpress\/wp-json\/wp\/v2\/users\/1"}],"replies":[{"embeddable":true,"href":"https:\/\/memoriadelesilles.org\/wordpress\/wp-json\/wp\/v2\/comments?post=5968"}],"version-history":[{"count":0,"href":"https:\/\/memoriadelesilles.org\/wordpress\/wp-json\/wp\/v2\/posts\/5968\/revisions"}],"wp:attachment":[{"href":"https:\/\/memoriadelesilles.org\/wordpress\/wp-json\/wp\/v2\/media?parent=5968"}],"wp:term":[{"taxonomy":"category","embeddable":true,"href":"https:\/\/memoriadelesilles.org\/wordpress\/wp-json\/wp\/v2\/categories?post=5968"},{"taxonomy":"post_tag","embeddable":true,"href":"https:\/\/memoriadelesilles.org\/wordpress\/wp-json\/wp\/v2\/tags?post=5968"}],"curies":[{"name":"wp","href":"https:\/\/api.w.org\/{rel}","templated":true}]}}